{"id":3808,"date":"2023-01-14T07:13:00","date_gmt":"2023-01-14T06:13:00","guid":{"rendered":"http:\/\/foastek.fr\/?p=3808"},"modified":"2023-10-27T09:01:50","modified_gmt":"2023-10-27T08:01:50","slug":"astek-est-deboute-par-le-tribunal-judiciaire-de-lyon-de-sa-demande-visant-a-forcer-le-demenagement-du-local-syndical-fo","status":"publish","type":"post","link":"https:\/\/foastek.fr\/?p=3808","title":{"rendered":"Astek est d\u00e9bout\u00e9 par le tribunal judiciaire de Lyon de sa demande visant \u00e0 forcer le d\u00e9m\u00e9nagement du local syndical FO"},"content":{"rendered":"\n<p>En septembre 2021, le groupe ASTEK a engag\u00e9 une action judiciaire visant \u00e0 forcer le d\u00e9m\u00e9nagement du local syndicat <strong><em><mark style=\"background-color:rgba(0, 0, 0, 0)\" class=\"has-inline-color has-vivid-red-color\">FO<\/mark><\/em><\/strong> en dehors du lieu de travail habituel des salari\u00e9s.<\/p>\n\n\n\n<p>Le 29 d\u00e9cembre 2022, le tribunal judiciaire de Lyon a d\u00e9bout\u00e9 le groupe ASTEK.<\/p>\n\n\n\n<p><strong><span style=\"text-decoration: underline;\">R\u00e9sum\u00e9 de la d\u00e9cision du tribunal<\/span><\/strong><\/p>\n\n\n\n<ul class=\"wp-block-list\">\n<li>Le d\u00e9m\u00e9nagement d\u2019un local syndical est subordonn\u00e9 \u00e0 une autorisation judiciaire pr\u00e9alable en cas d\u2019opposition du syndicat int\u00e9ress\u00e9.<\/li>\n\n\n\n<li>Il est \u00e9tabli que <strong>le nouvel emplacement<\/strong> du local d\u00e9di\u00e9 au syndicat&nbsp;<em><strong><mark style=\"background-color:rgba(0, 0, 0, 0)\" class=\"has-inline-color has-vivid-red-color\">FO<\/mark><\/strong><\/em>&nbsp;<strong>serait \u00e9loign\u00e9 de la communaut\u00e9 de travail<\/strong>, alors m\u00eame que <strong>le groupe ASTEK ne pr\u00e9cise pas les raisons pour lesquelles il souhaite r\u00e9cup\u00e9rer l\u2019ancien local de l\u2019ordre de 20m2<\/strong>.<\/li>\n\n\n\n<li>Par ailleurs, le syndicat d\u00e9montre que le taux d\u2019occupation des salles de r\u00e9union au 11<sup>\u00e8me<\/sup>&nbsp;\u00e9tage du b\u00e2timent B est faible. Il justifie aussi que le groupe ASTEK a pris un bail pour 384 m2 suppl\u00e9mentaires de locaux dans ce b\u00e2timent au m\u00eame \u00e9tage.<\/li>\n\n\n\n<li>Il y a lieu de relever que <strong>si le syndicat<\/strong>&nbsp;<em><strong><mark style=\"background-color:rgba(0, 0, 0, 0)\" class=\"has-inline-color has-vivid-red-color\">FO<\/mark><\/strong><\/em>&nbsp;<strong>ne s\u2019est pas oppos\u00e9 \u00e0 tout projet de d\u00e9m\u00e9nagement de son local<\/strong>, <strong>il a \u00e9mis le souhait de rester \u00e0 l\u2019\u00e9tage 11<\/strong>, qu\u2019il s\u2019agisse du b\u00e2timent B, comme actuellement, ou du b\u00e2timent C. <strong>Le groupe ASTEK<\/strong> n\u2019a toutefois \u00e9mis <strong>aucune proposition au syndicat<\/strong>, alors m\u00eame qu\u2019il <strong>reconna\u00eet <\/strong>au terme de ses derni\u00e8res \u00e9critures <strong>que si le projet de d\u00e9m\u00e9nagement se concr\u00e9tisait<\/strong>,<strong> le repr\u00e9sentant syndical<\/strong>&nbsp;<em><strong><mark style=\"background-color:rgba(0, 0, 0, 0)\" class=\"has-inline-color has-vivid-red-color\">FO<\/mark><\/strong><\/em>&nbsp;<strong>pourrait<\/strong>, \u00ab&nbsp;<em>en certaines circonstances<\/em>&nbsp;\u00bb, <strong>se retrouver seul<\/strong> au 7<sup>\u00e8me<\/sup>&nbsp;\u00e9tage du b\u00e2timent C, qui ne b\u00e9n\u00e9ficie pas d\u2019un accueil, contrairement au b\u00e2timent B.<\/li>\n\n\n\n<li>Il ressort \u00e9galement que <strong>le local propos\u00e9 par le groupe ASTEK n\u2019a aucune fen\u00eatre<\/strong> <strong>et est partag\u00e9 avec la direction<\/strong> concernant l\u2019acc\u00e8s \u00e0 des archives et du stockage de mat\u00e9riel, <strong>ce qui ne garantit pas la discr\u00e9tion des \u00e9changes qui s\u2019y d\u00e9rouleraient dans une pi\u00e8ce au surplus borgne<\/strong>, peu propice \u00e0 l\u2019\u00e9change.<\/li>\n\n\n\n<li><strong>Le groupe ASTEK \u00e9choue<\/strong> donc <strong>\u00e0 rapporter la preuve de l\u2019existence d\u2019un motif l\u00e9gitime et proportionn\u00e9 au d\u00e9m\u00e9nagement du local syndical<\/strong>, <strong>alors m\u00eame qu\u2019en l\u2019\u00e9tat celui-ci apportera des restrictions aux libert\u00e9s individuelles et collectives<\/strong> des salari\u00e9s et de leurs repr\u00e9sentants.<\/li>\n<\/ul>\n\n\n\n<p><\/p>\n\n\n\n<p><strong><mark style=\"background-color:rgba(0, 0, 0, 0)\" class=\"has-inline-color has-vivid-red-color\">Le groupe ASTEK est d\u00e9bout\u00e9 de sa demande de d\u00e9m\u00e9nagement du local syndical&nbsp;<em>FO<\/em>&nbsp;du 11<sup>\u00e8me<\/sup>&nbsp;\u00e9tage du b\u00e2timent B du complexe immobilier \u00ab&nbsp;Le Britannia&nbsp;\u00bb, situ\u00e9 20, Boulevard Eug\u00e8ne Deruelle, 69003 LYON, au 7<sup>\u00e8me<\/sup>&nbsp;\u00e9tage de son b\u00e2timent C.<\/mark><\/strong><\/p>\n","protected":false},"excerpt":{"rendered":"<div class=\"mh-excerpt\"><p>En septembre 2021, le groupe ASTEK a engag\u00e9 une action judiciaire visant \u00e0 forcer le d\u00e9m\u00e9nagement du local syndicat FO en dehors du lieu de <a class=\"mh-excerpt-more\" href=\"https:\/\/foastek.fr\/?p=3808\" title=\"Astek est d\u00e9bout\u00e9 par le tribunal judiciaire de Lyon de sa demande visant \u00e0 forcer le d\u00e9m\u00e9nagement du local syndical FO\">[&#8230;]<\/a><\/p>\n<\/div>","protected":false},"author":1,"featured_media":4027,"comment_status":"open","ping_status":"open","sticky":false,"template":"","format":"standard","meta":{"h5ap_radio_sources":[],"jetpack_post_was_ever_published":false,"_jetpack_newsletter_access":"","_jetpack_dont_email_post_to_subs":false,"_jetpack_newsletter_tier_id":0,"_jetpack_memberships_contains_paywalled_content":false,"_jetpack_memberships_contains_paid_content":false,"footnotes":"","jetpack_publicize_message":"","jetpack_publicize_feature_enabled":true,"jetpack_social_post_already_shared":true,"jetpack_social_options":{"image_generator_settings":{"template":"highway","default_image_id":0,"font":"","enabled":false},"version":2}},"categories":[2,256,4,8],"tags":[50,152],"class_list":["post-3808","post","type-post","status-publish","format-standard","has-post-thumbnail","hentry","category-accueil","category-astek","category-communication","category-presse","tag-fo","tag-tribunal"],"jetpack_publicize_connections":[],"jetpack_featured_media_url":"https:\/\/i0.wp.com\/foastek.fr\/wp-content\/uploads\/2023\/04\/Justice.jpg?fit=768%2C286&ssl=1","jetpack_sharing_enabled":true,"jetpack_shortlink":"https:\/\/wp.me\/p77E1E-Zq","jetpack-related-posts":[],"_links":{"self":[{"href":"https:\/\/foastek.fr\/index.php?rest_route=\/wp\/v2\/posts\/3808","targetHints":{"allow":["GET"]}}],"collection":[{"href":"https:\/\/foastek.fr\/index.php?rest_route=\/wp\/v2\/posts"}],"about":[{"href":"https:\/\/foastek.fr\/index.php?rest_route=\/wp\/v2\/types\/post"}],"author":[{"embeddable":true,"href":"https:\/\/foastek.fr\/index.php?rest_route=\/wp\/v2\/users\/1"}],"replies":[{"embeddable":true,"href":"https:\/\/foastek.fr\/index.php?rest_route=%2Fwp%2Fv2%2Fcomments&post=3808"}],"version-history":[{"count":8,"href":"https:\/\/foastek.fr\/index.php?rest_route=\/wp\/v2\/posts\/3808\/revisions"}],"predecessor-version":[{"id":3827,"href":"https:\/\/foastek.fr\/index.php?rest_route=\/wp\/v2\/posts\/3808\/revisions\/3827"}],"wp:featuredmedia":[{"embeddable":true,"href":"https:\/\/foastek.fr\/index.php?rest_route=\/wp\/v2\/media\/4027"}],"wp:attachment":[{"href":"https:\/\/foastek.fr\/index.php?rest_route=%2Fwp%2Fv2%2Fmedia&parent=3808"}],"wp:term":[{"taxonomy":"category","embeddable":true,"href":"https:\/\/foastek.fr\/index.php?rest_route=%2Fwp%2Fv2%2Fcategories&post=3808"},{"taxonomy":"post_tag","embeddable":true,"href":"https:\/\/foastek.fr\/index.php?rest_route=%2Fwp%2Fv2%2Ftags&post=3808"}],"curies":[{"name":"wp","href":"https:\/\/api.w.org\/{rel}","templated":true}]}}