{"id":3856,"date":"2023-01-30T14:03:39","date_gmt":"2023-01-30T13:03:39","guid":{"rendered":"http:\/\/foastek.fr\/?p=3856"},"modified":"2023-04-16T09:51:45","modified_gmt":"2023-04-16T08:51:45","slug":"prise-des-conges-par-anticipation","status":"publish","type":"post","link":"https:\/\/foastek.fr\/?p=3856","title":{"rendered":"Prise des cong\u00e9s par anticipation"},"content":{"rendered":"\n<figure class=\"wp-block-image size-large\"><a href=\"https:\/\/i0.wp.com\/foastek.fr\/wp-content\/uploads\/2023\/01\/conges-payes.png\"><img data-recalc-dims=\"1\" loading=\"lazy\" decoding=\"async\" width=\"1024\" height=\"494\" data-attachment-id=\"3857\" data-permalink=\"https:\/\/foastek.fr\/?attachment_id=3857\" data-orig-file=\"https:\/\/i0.wp.com\/foastek.fr\/wp-content\/uploads\/2023\/01\/conges-payes.png?fit=1224%2C590&amp;ssl=1\" data-orig-size=\"1224,590\" data-comments-opened=\"1\" data-image-meta=\"{&quot;aperture&quot;:&quot;0&quot;,&quot;credit&quot;:&quot;&quot;,&quot;camera&quot;:&quot;&quot;,&quot;caption&quot;:&quot;&quot;,&quot;created_timestamp&quot;:&quot;0&quot;,&quot;copyright&quot;:&quot;&quot;,&quot;focal_length&quot;:&quot;0&quot;,&quot;iso&quot;:&quot;0&quot;,&quot;shutter_speed&quot;:&quot;0&quot;,&quot;title&quot;:&quot;&quot;,&quot;orientation&quot;:&quot;0&quot;}\" data-image-title=\"conges-payes\" data-image-description=\"\" data-image-caption=\"\" data-large-file=\"https:\/\/i0.wp.com\/foastek.fr\/wp-content\/uploads\/2023\/01\/conges-payes.png?fit=1024%2C494&amp;ssl=1\" src=\"https:\/\/i0.wp.com\/foastek.fr\/wp-content\/uploads\/2023\/01\/conges-payes.png?resize=1024%2C494\" alt=\"\" class=\"wp-image-3857\" srcset=\"https:\/\/i0.wp.com\/foastek.fr\/wp-content\/uploads\/2023\/01\/conges-payes.png?resize=1024%2C494&amp;ssl=1 1024w, https:\/\/i0.wp.com\/foastek.fr\/wp-content\/uploads\/2023\/01\/conges-payes.png?resize=300%2C145&amp;ssl=1 300w, https:\/\/i0.wp.com\/foastek.fr\/wp-content\/uploads\/2023\/01\/conges-payes.png?resize=768%2C370&amp;ssl=1 768w, https:\/\/i0.wp.com\/foastek.fr\/wp-content\/uploads\/2023\/01\/conges-payes.png?w=1224&amp;ssl=1 1224w\" sizes=\"auto, (max-width: 1000px) 100vw, 1000px\" \/><\/a><\/figure>\n\n\n\n<p>Les cong\u00e9s pay\u00e9s \u00e9tant destin\u00e9s \u00e0 permettre aux salari\u00e9s de se reposer de leur travail, <strong>ces derniers ne peuvent pas en b\u00e9n\u00e9ficier par anticipation, c&rsquo;est \u00e0 dire avant leur acquisition par un travail effectif<\/strong> (Cass. soc., 10 juill. 1980, n 78 40.609).<\/p>\n\n\n\n<p>En revanche, le l\u00e9gislateur reconna\u00eet <strong>le droit de prendre par anticipation des cong\u00e9s pay\u00e9s d\u00e9j\u00e0 acquis<\/strong>. <strong>Les cong\u00e9s d\u00e9j\u00e0 acquis peuvent \u00eatre pris avant l&rsquo;ouverture de la p\u00e9riode normale de prise des cong\u00e9s<\/strong> fix\u00e9e par le code du travail \u00e0 savoir la p\u00e9riode du 1er mai au 31 octobre. (C. trav., art. L. 3141-12).<\/p>\n","protected":false},"excerpt":{"rendered":"<div class=\"mh-excerpt\"><p>Les cong\u00e9s pay\u00e9s \u00e9tant destin\u00e9s \u00e0 permettre aux salari\u00e9s de se reposer de leur travail, ces derniers ne peuvent pas en b\u00e9n\u00e9ficier par anticipation, c&rsquo;est <a class=\"mh-excerpt-more\" href=\"https:\/\/foastek.fr\/?p=3856\" title=\"Prise des cong\u00e9s par anticipation\">[&#8230;]<\/a><\/p>\n<\/div>","protected":false},"author":1,"featured_media":4365,"comment_status":"open","ping_status":"open","sticky":false,"template":"","format":"standard","meta":{"h5ap_radio_sources":[],"jetpack_post_was_ever_published":false,"_jetpack_newsletter_access":"","_jetpack_dont_email_post_to_subs":false,"_jetpack_newsletter_tier_id":0,"_jetpack_memberships_contains_paywalled_content":false,"_jetpack_memberships_contains_paid_content":false,"footnotes":"","jetpack_publicize_message":"","jetpack_publicize_feature_enabled":true,"jetpack_social_post_already_shared":true,"jetpack_social_options":{"image_generator_settings":{"template":"highway","default_image_id":0,"font":"","enabled":false},"version":2}},"categories":[2,10],"tags":[284],"class_list":["post-3856","post","type-post","status-publish","format-standard","has-post-thumbnail","hentry","category-accueil","category-vos-droits","tag-conges-payes"],"jetpack_publicize_connections":[],"jetpack_featured_media_url":"https:\/\/i0.wp.com\/foastek.fr\/wp-content\/uploads\/2023\/04\/code_travail.gif?fit=720%2C460&ssl=1","jetpack_sharing_enabled":true,"jetpack_shortlink":"https:\/\/wp.me\/p77E1E-10c","jetpack-related-posts":[],"_links":{"self":[{"href":"https:\/\/foastek.fr\/index.php?rest_route=\/wp\/v2\/posts\/3856","targetHints":{"allow":["GET"]}}],"collection":[{"href":"https:\/\/foastek.fr\/index.php?rest_route=\/wp\/v2\/posts"}],"about":[{"href":"https:\/\/foastek.fr\/index.php?rest_route=\/wp\/v2\/types\/post"}],"author":[{"embeddable":true,"href":"https:\/\/foastek.fr\/index.php?rest_route=\/wp\/v2\/users\/1"}],"replies":[{"embeddable":true,"href":"https:\/\/foastek.fr\/index.php?rest_route=%2Fwp%2Fv2%2Fcomments&post=3856"}],"version-history":[{"count":1,"href":"https:\/\/foastek.fr\/index.php?rest_route=\/wp\/v2\/posts\/3856\/revisions"}],"predecessor-version":[{"id":3858,"href":"https:\/\/foastek.fr\/index.php?rest_route=\/wp\/v2\/posts\/3856\/revisions\/3858"}],"wp:featuredmedia":[{"embeddable":true,"href":"https:\/\/foastek.fr\/index.php?rest_route=\/wp\/v2\/media\/4365"}],"wp:attachment":[{"href":"https:\/\/foastek.fr\/index.php?rest_route=%2Fwp%2Fv2%2Fmedia&parent=3856"}],"wp:term":[{"taxonomy":"category","embeddable":true,"href":"https:\/\/foastek.fr\/index.php?rest_route=%2Fwp%2Fv2%2Fcategories&post=3856"},{"taxonomy":"post_tag","embeddable":true,"href":"https:\/\/foastek.fr\/index.php?rest_route=%2Fwp%2Fv2%2Ftags&post=3856"}],"curies":[{"name":"wp","href":"https:\/\/api.w.org\/{rel}","templated":true}]}}