{"id":388,"date":"2016-05-03T14:00:37","date_gmt":"2016-05-03T13:00:37","guid":{"rendered":"http:\/\/foastek.fr\/?p=388"},"modified":"2023-04-15T20:37:35","modified_gmt":"2023-04-15T19:37:35","slug":"negociation-egalite-professionnelle-2015","status":"publish","type":"post","link":"https:\/\/foastek.fr\/?p=388","title":{"rendered":"N\u00e9gociations &#8211; Egalit\u00e9 Professionnelle 2015"},"content":{"rendered":"<blockquote><p>Depuis les derni\u00e8res \u00e9lections professionnelles o\u00f9 le syndicat FO est devenu repr\u00e9sentatif, condition n\u00e9cessaire pour participer aux n\u00e9gociations au sein de l\u2019UES (groupe) Astek, ses membres ont particip\u00e9 aux trois r\u00e9unions organis\u00e9es en 2015 sur l\u2019\u00e9galit\u00e9 professionnelle par la Direction.<\/p>\n<p>FO fait le constat que les engagements de la Direction restent tr\u00e8s subjectifs, ont rarement un caract\u00e8re obligatoire et reposent sur peu d\u2019\u00e9l\u00e9ments factuels.<\/p>\n<p>De plus, la Direction ne souhaite pas d\u00e9finir d\u2019enveloppe pr\u00e9cise pour la r\u00e9duction des \u00e9carts de r\u00e9mun\u00e9ration et mettre en place de jours enfant malade r\u00e9mun\u00e9r\u00e9s.<\/p>\n<p>De plus, le projet d\u2019accord ne prend pas en compte l\u2019ensemble des indicateurs d\u00e9finis dans l\u2019accord de branche.<\/p>\n<p>Enfin, FO participe aux n\u00e9gociations dans l&rsquo;int\u00e9r\u00eat des salari\u00e9s et non pour \u00e9viter \u00e0 l&rsquo;entreprise de payer des p\u00e9nalit\u00e9s financi\u00e8res.<\/p>\n<p>La bonne volont\u00e9 de la Direction, que nous savons essentiellement dict\u00e9e par les seuls objectifs financiers de l\u2019actionnaire principal, ne peut suffire \u00e0 FO pour adh\u00e9rer \u00e0 ce projet.<\/p>\n<p>Dans l&rsquo;\u00e9tat actuel du projet d\u2019accord en faveur de l\u2019\u00e9galit\u00e9 professionnelle entre les hommes et les femmes au sein de l\u2019UES (groupe) Astek propos\u00e9 par la Direction, FO ne sera donc pas signataire.<\/p><\/blockquote>\n","protected":false},"excerpt":{"rendered":"<div class=\"mh-excerpt\"><p>Depuis les derni\u00e8res \u00e9lections professionnelles o\u00f9 le syndicat FO est devenu repr\u00e9sentatif, condition n\u00e9cessaire pour participer aux n\u00e9gociations au sein de l\u2019UES (groupe) Astek, ses <a class=\"mh-excerpt-more\" href=\"https:\/\/foastek.fr\/?p=388\" title=\"N\u00e9gociations &#8211; Egalit\u00e9 Professionnelle 2015\">[&#8230;]<\/a><\/p>\n<\/div>","protected":false},"author":1,"featured_media":0,"comment_status":"open","ping_status":"open","sticky":false,"template":"","format":"standard","meta":{"h5ap_radio_sources":[],"jetpack_post_was_ever_published":false,"_jetpack_newsletter_access":"","_jetpack_dont_email_post_to_subs":false,"_jetpack_newsletter_tier_id":0,"_jetpack_memberships_contains_paywalled_content":false,"_jetpack_memberships_contains_paid_content":false,"footnotes":"","jetpack_publicize_message":"","jetpack_publicize_feature_enabled":true,"jetpack_social_post_already_shared":true,"jetpack_social_options":{"image_generator_settings":{"template":"highway","default_image_id":0,"font":"","enabled":false},"version":2}},"categories":[2,256,7],"tags":[41,72],"class_list":["post-388","post","type-post","status-publish","format-standard","hentry","category-accueil","category-astek","category-negociations","tag-egalite-professionnelle","tag-negociations"],"jetpack_publicize_connections":[],"jetpack_featured_media_url":"","jetpack_sharing_enabled":true,"jetpack_shortlink":"https:\/\/wp.me\/p77E1E-6g","jetpack-related-posts":[],"_links":{"self":[{"href":"https:\/\/foastek.fr\/index.php?rest_route=\/wp\/v2\/posts\/388","targetHints":{"allow":["GET"]}}],"collection":[{"href":"https:\/\/foastek.fr\/index.php?rest_route=\/wp\/v2\/posts"}],"about":[{"href":"https:\/\/foastek.fr\/index.php?rest_route=\/wp\/v2\/types\/post"}],"author":[{"embeddable":true,"href":"https:\/\/foastek.fr\/index.php?rest_route=\/wp\/v2\/users\/1"}],"replies":[{"embeddable":true,"href":"https:\/\/foastek.fr\/index.php?rest_route=%2Fwp%2Fv2%2Fcomments&post=388"}],"version-history":[{"count":4,"href":"https:\/\/foastek.fr\/index.php?rest_route=\/wp\/v2\/posts\/388\/revisions"}],"predecessor-version":[{"id":4154,"href":"https:\/\/foastek.fr\/index.php?rest_route=\/wp\/v2\/posts\/388\/revisions\/4154"}],"wp:attachment":[{"href":"https:\/\/foastek.fr\/index.php?rest_route=%2Fwp%2Fv2%2Fmedia&parent=388"}],"wp:term":[{"taxonomy":"category","embeddable":true,"href":"https:\/\/foastek.fr\/index.php?rest_route=%2Fwp%2Fv2%2Fcategories&post=388"},{"taxonomy":"post_tag","embeddable":true,"href":"https:\/\/foastek.fr\/index.php?rest_route=%2Fwp%2Fv2%2Ftags&post=388"}],"curies":[{"name":"wp","href":"https:\/\/api.w.org\/{rel}","templated":true}]}}