{"id":3905,"date":"2023-02-28T11:23:50","date_gmt":"2023-02-28T10:23:50","guid":{"rendered":"http:\/\/foastek.fr\/?p=3905"},"modified":"2023-04-16T09:44:52","modified_gmt":"2023-04-16T08:44:52","slug":"formation-aux-gestes-qui-sauvent","status":"publish","type":"post","link":"https:\/\/foastek.fr\/?p=3905","title":{"rendered":"Formation aux gestes qui sauvent"},"content":{"rendered":"\n<p>Les salari\u00e9s doivent obligatoirement b\u00e9n\u00e9ficier d&rsquo;une sensibilisation \u00e0 la lutte contre l&rsquo;arr\u00eat cardiaque et aux gestes qui sauvent pr\u00e9alablement \u00e0 leur d\u00e9part \u00e0 la retraite.<\/p>\n\n\n\n<p>Le d\u00e9cret en vigueur pr\u00e9voit notamment que l\u2019action de sensibilisation doit se d\u00e9rouler pendant l\u2019horaire normal de travail des salari\u00e9s. Le temps consacr\u00e9 \u00e0 cette sensibilisation doit \u00eatre consid\u00e9r\u00e9 comme du temps de travail effectif.<\/p>\n\n\n\n<p>R\u00e9f\u00e9rence : Article L. 1237-9-1 du Code du Travail<\/p>\n","protected":false},"excerpt":{"rendered":"<div class=\"mh-excerpt\"><p>Les salari\u00e9s doivent obligatoirement b\u00e9n\u00e9ficier d&rsquo;une sensibilisation \u00e0 la lutte contre l&rsquo;arr\u00eat cardiaque et aux gestes qui sauvent pr\u00e9alablement \u00e0 leur d\u00e9part \u00e0 la retraite. <a class=\"mh-excerpt-more\" href=\"https:\/\/foastek.fr\/?p=3905\" title=\"Formation aux gestes qui sauvent\">[&#8230;]<\/a><\/p>\n<\/div>","protected":false},"author":1,"featured_media":4365,"comment_status":"open","ping_status":"open","sticky":false,"template":"","format":"standard","meta":{"h5ap_radio_sources":[],"jetpack_post_was_ever_published":false,"_jetpack_newsletter_access":"","_jetpack_dont_email_post_to_subs":false,"_jetpack_newsletter_tier_id":0,"_jetpack_memberships_contains_paywalled_content":false,"_jetpack_memberships_contains_paid_content":false,"footnotes":"","jetpack_publicize_message":"","jetpack_publicize_feature_enabled":true,"jetpack_social_post_already_shared":true,"jetpack_social_options":{"image_generator_settings":{"template":"highway","default_image_id":0,"font":"","enabled":false},"version":2}},"categories":[2,10],"tags":[113,54],"class_list":["post-3905","post","type-post","status-publish","format-standard","has-post-thumbnail","hentry","category-accueil","category-vos-droits","tag-retraite","tag-sante"],"jetpack_publicize_connections":[],"jetpack_featured_media_url":"https:\/\/i0.wp.com\/foastek.fr\/wp-content\/uploads\/2023\/04\/code_travail.gif?fit=720%2C460&ssl=1","jetpack_sharing_enabled":true,"jetpack_shortlink":"https:\/\/wp.me\/p77E1E-10Z","jetpack-related-posts":[],"_links":{"self":[{"href":"https:\/\/foastek.fr\/index.php?rest_route=\/wp\/v2\/posts\/3905","targetHints":{"allow":["GET"]}}],"collection":[{"href":"https:\/\/foastek.fr\/index.php?rest_route=\/wp\/v2\/posts"}],"about":[{"href":"https:\/\/foastek.fr\/index.php?rest_route=\/wp\/v2\/types\/post"}],"author":[{"embeddable":true,"href":"https:\/\/foastek.fr\/index.php?rest_route=\/wp\/v2\/users\/1"}],"replies":[{"embeddable":true,"href":"https:\/\/foastek.fr\/index.php?rest_route=%2Fwp%2Fv2%2Fcomments&post=3905"}],"version-history":[{"count":1,"href":"https:\/\/foastek.fr\/index.php?rest_route=\/wp\/v2\/posts\/3905\/revisions"}],"predecessor-version":[{"id":3906,"href":"https:\/\/foastek.fr\/index.php?rest_route=\/wp\/v2\/posts\/3905\/revisions\/3906"}],"wp:featuredmedia":[{"embeddable":true,"href":"https:\/\/foastek.fr\/index.php?rest_route=\/wp\/v2\/media\/4365"}],"wp:attachment":[{"href":"https:\/\/foastek.fr\/index.php?rest_route=%2Fwp%2Fv2%2Fmedia&parent=3905"}],"wp:term":[{"taxonomy":"category","embeddable":true,"href":"https:\/\/foastek.fr\/index.php?rest_route=%2Fwp%2Fv2%2Fcategories&post=3905"},{"taxonomy":"post_tag","embeddable":true,"href":"https:\/\/foastek.fr\/index.php?rest_route=%2Fwp%2Fv2%2Ftags&post=3905"}],"curies":[{"name":"wp","href":"https:\/\/api.w.org\/{rel}","templated":true}]}}