{"id":3921,"date":"2023-03-06T06:42:00","date_gmt":"2023-03-06T05:42:00","guid":{"rendered":"http:\/\/foastek.fr\/?p=3921"},"modified":"2023-04-15T18:06:33","modified_gmt":"2023-04-15T17:06:33","slug":"diffusion-des-communications-syndicales-aupres-des-salaries-de-lues-groupe-astek","status":"publish","type":"post","link":"https:\/\/foastek.fr\/?p=3921","title":{"rendered":"Diffusion des communications syndicales aupr\u00e8s des salari\u00e9s de l\u2019UES (groupe) Astek"},"content":{"rendered":"\n<p>Depuis mai 2020, les syndicats de l\u2019entreprise rencontrent de tr\u00e8s grandes difficult\u00e9s \u00e0 faire conna\u00eetre leurs communications syndicales aux salari\u00e9s de l\u2019entreprise du fait des conditions impos\u00e9es par l\u2019employeur, conditions qui ne permettent pas une diffusion \u00e0 l\u2019ensemble des salari\u00e9s notamment parce qu\u2019ils exercent pour la plupart d\u2019entre eux leur activit\u00e9 dans les locaux d\u2019une entreprise utilisatrice. Cette situation ne permet pas aux diff\u00e9rents syndicats de l\u2019entreprise de remplir rapidement et efficacement leurs r\u00f4les alors que tant la loi fran\u00e7aise que les lois europ\u00e9ennes ou les recommandations de l\u2019Organisation Internationale du Travail imposent que cela soit respect\u00e9.<\/p>\n\n\n\n<p>Sous l&rsquo;impulsion du syndicat <strong><em><mark style=\"background-color:rgba(0, 0, 0, 0)\" class=\"has-inline-color has-vivid-red-color\">FO<\/mark><\/em><\/strong>, un <a href=\"http:\/\/foastek.fr\/wp-content\/uploads\/2023\/03\/Courrier_Intersyndical_DiffusionDesCommunicationsSyndicales_VF.pdf\">courrier intersyndical<\/a> a \u00e9t\u00e9 adress\u00e9 \u00e0 la direction du groupe astek.<\/p>\n","protected":false},"excerpt":{"rendered":"<div class=\"mh-excerpt\"><p>Depuis mai 2020, les syndicats de l\u2019entreprise rencontrent de tr\u00e8s grandes difficult\u00e9s \u00e0 faire conna\u00eetre leurs communications syndicales aux salari\u00e9s de l\u2019entreprise du fait des <a class=\"mh-excerpt-more\" href=\"https:\/\/foastek.fr\/?p=3921\" title=\"Diffusion des communications syndicales aupr\u00e8s des salari\u00e9s de l\u2019UES (groupe) Astek\">[&#8230;]<\/a><\/p>\n<\/div>","protected":false},"author":1,"featured_media":0,"comment_status":"open","ping_status":"open","sticky":false,"template":"","format":"standard","meta":{"h5ap_radio_sources":[],"jetpack_post_was_ever_published":false,"_jetpack_newsletter_access":"","_jetpack_dont_email_post_to_subs":false,"_jetpack_newsletter_tier_id":0,"_jetpack_memberships_contains_paywalled_content":false,"_jetpack_memberships_contains_paid_content":false,"footnotes":"","jetpack_publicize_message":"","jetpack_publicize_feature_enabled":true,"jetpack_social_post_already_shared":true,"jetpack_social_options":{"image_generator_settings":{"template":"highway","default_image_id":0,"font":"","enabled":false},"version":2}},"categories":[2,256,4,10],"tags":[311],"class_list":["post-3921","post","type-post","status-publish","format-standard","hentry","category-accueil","category-astek","category-communication","category-vos-droits","tag-communication"],"jetpack_publicize_connections":[],"jetpack_featured_media_url":"","jetpack_sharing_enabled":true,"jetpack_shortlink":"https:\/\/wp.me\/p77E1E-11f","jetpack-related-posts":[],"_links":{"self":[{"href":"https:\/\/foastek.fr\/index.php?rest_route=\/wp\/v2\/posts\/3921","targetHints":{"allow":["GET"]}}],"collection":[{"href":"https:\/\/foastek.fr\/index.php?rest_route=\/wp\/v2\/posts"}],"about":[{"href":"https:\/\/foastek.fr\/index.php?rest_route=\/wp\/v2\/types\/post"}],"author":[{"embeddable":true,"href":"https:\/\/foastek.fr\/index.php?rest_route=\/wp\/v2\/users\/1"}],"replies":[{"embeddable":true,"href":"https:\/\/foastek.fr\/index.php?rest_route=%2Fwp%2Fv2%2Fcomments&post=3921"}],"version-history":[{"count":2,"href":"https:\/\/foastek.fr\/index.php?rest_route=\/wp\/v2\/posts\/3921\/revisions"}],"predecessor-version":[{"id":3924,"href":"https:\/\/foastek.fr\/index.php?rest_route=\/wp\/v2\/posts\/3921\/revisions\/3924"}],"wp:attachment":[{"href":"https:\/\/foastek.fr\/index.php?rest_route=%2Fwp%2Fv2%2Fmedia&parent=3921"}],"wp:term":[{"taxonomy":"category","embeddable":true,"href":"https:\/\/foastek.fr\/index.php?rest_route=%2Fwp%2Fv2%2Fcategories&post=3921"},{"taxonomy":"post_tag","embeddable":true,"href":"https:\/\/foastek.fr\/index.php?rest_route=%2Fwp%2Fv2%2Ftags&post=3921"}],"curies":[{"name":"wp","href":"https:\/\/api.w.org\/{rel}","templated":true}]}}