{"id":3932,"date":"2023-03-09T09:50:11","date_gmt":"2023-03-09T08:50:11","guid":{"rendered":"http:\/\/foastek.fr\/?p=3932"},"modified":"2023-04-22T10:50:02","modified_gmt":"2023-04-22T09:50:02","slug":"nouveaux-locaux-dastek-rennes-de-nombreuses-propositions-de-fo-pris-en-compte","status":"publish","type":"post","link":"https:\/\/foastek.fr\/?p=3932","title":{"rendered":"Nouveaux locaux d\u2019Astek Rennes\u00a0: De nombreuses propositions de FO pris en compte"},"content":{"rendered":"\n<p>Tout comme pour les locaux de Lyon et de Clermont-Ferrand, \u00e0 partir du projet pr\u00e9sent\u00e9 au CSE, l\u2019\u00e9quipe <strong><em><mark style=\"background-color:rgba(0, 0, 0, 0)\" class=\"has-inline-color has-vivid-red-color\">FO<\/mark><\/em><\/strong> a fait des propositions sous la forme d&rsquo;un plan d\u00e9taill\u00e9 pour chacun des niveaux du b\u00e2timent choisi afin d\u2019am\u00e9liorer l\u2019am\u00e9nagement des futurs locaux ainsi que les conditions de travail des salari\u00e9s qui y seront pr\u00e9sents.<\/p>\n\n\n\n<p>La direction a reconnu la qualit\u00e9 du travail men\u00e9 par <strong><em><mark style=\"background-color:rgba(0, 0, 0, 0)\" class=\"has-inline-color has-vivid-red-color\">FO<\/mark><\/em><\/strong> et a int\u00e9gr\u00e9 de nombreuses am\u00e9liorations dans son projet final.<\/p>\n\n\n\n<p>Seul point n\u00e9gatif du projet, l\u2019absence d\u2019un accueil physique au rez-de-chauss\u00e9e (espace d\u00e9di\u00e9 aux salles de r\u00e9union et \u00e0 la pause-restauration). <strong><em><mark style=\"background-color:rgba(0, 0, 0, 0)\" class=\"has-inline-color has-vivid-red-color\">FO<\/mark><\/em><\/strong> a demand\u00e9 \u00e0 la direction qu&rsquo;une prestation d\u2019accueil soit pr\u00e9vue d\u00e8s l&rsquo;am\u00e9nagement en septembre 2023.<\/p>\n","protected":false},"excerpt":{"rendered":"<div class=\"mh-excerpt\"><p>Tout comme pour les locaux de Lyon et de Clermont-Ferrand, \u00e0 partir du projet pr\u00e9sent\u00e9 au CSE, l\u2019\u00e9quipe FO a fait des propositions sous la <a class=\"mh-excerpt-more\" href=\"https:\/\/foastek.fr\/?p=3932\" title=\"Nouveaux locaux d\u2019Astek Rennes\u00a0: De nombreuses propositions de FO pris en compte\">[&#8230;]<\/a><\/p>\n<\/div>","protected":false},"author":1,"featured_media":3935,"comment_status":"open","ping_status":"open","sticky":false,"template":"","format":"standard","meta":{"h5ap_radio_sources":[],"jetpack_post_was_ever_published":false,"_jetpack_newsletter_access":"","_jetpack_dont_email_post_to_subs":false,"_jetpack_newsletter_tier_id":0,"_jetpack_memberships_contains_paywalled_content":false,"_jetpack_memberships_contains_paid_content":false,"footnotes":"","jetpack_publicize_message":"","jetpack_publicize_feature_enabled":true,"jetpack_social_post_already_shared":true,"jetpack_social_options":{"image_generator_settings":{"template":"highway","default_image_id":0,"font":"","enabled":false},"version":2}},"categories":[2,256,160],"tags":[141,168],"class_list":["post-3932","post","type-post","status-publish","format-standard","has-post-thumbnail","hentry","category-accueil","category-astek","category-sante","tag-changements-de-locaux","tag-conditions-de-travail"],"jetpack_publicize_connections":[],"jetpack_featured_media_url":"https:\/\/i0.wp.com\/foastek.fr\/wp-content\/uploads\/2023\/03\/Rennes_NouveauxLocaux.png?fit=1289%2C825&ssl=1","jetpack_sharing_enabled":true,"jetpack_shortlink":"https:\/\/wp.me\/p77E1E-11q","jetpack-related-posts":[],"_links":{"self":[{"href":"https:\/\/foastek.fr\/index.php?rest_route=\/wp\/v2\/posts\/3932","targetHints":{"allow":["GET"]}}],"collection":[{"href":"https:\/\/foastek.fr\/index.php?rest_route=\/wp\/v2\/posts"}],"about":[{"href":"https:\/\/foastek.fr\/index.php?rest_route=\/wp\/v2\/types\/post"}],"author":[{"embeddable":true,"href":"https:\/\/foastek.fr\/index.php?rest_route=\/wp\/v2\/users\/1"}],"replies":[{"embeddable":true,"href":"https:\/\/foastek.fr\/index.php?rest_route=%2Fwp%2Fv2%2Fcomments&post=3932"}],"version-history":[{"count":3,"href":"https:\/\/foastek.fr\/index.php?rest_route=\/wp\/v2\/posts\/3932\/revisions"}],"predecessor-version":[{"id":4449,"href":"https:\/\/foastek.fr\/index.php?rest_route=\/wp\/v2\/posts\/3932\/revisions\/4449"}],"wp:featuredmedia":[{"embeddable":true,"href":"https:\/\/foastek.fr\/index.php?rest_route=\/wp\/v2\/media\/3935"}],"wp:attachment":[{"href":"https:\/\/foastek.fr\/index.php?rest_route=%2Fwp%2Fv2%2Fmedia&parent=3932"}],"wp:term":[{"taxonomy":"category","embeddable":true,"href":"https:\/\/foastek.fr\/index.php?rest_route=%2Fwp%2Fv2%2Fcategories&post=3932"},{"taxonomy":"post_tag","embeddable":true,"href":"https:\/\/foastek.fr\/index.php?rest_route=%2Fwp%2Fv2%2Ftags&post=3932"}],"curies":[{"name":"wp","href":"https:\/\/api.w.org\/{rel}","templated":true}]}}