{"id":3954,"date":"2023-03-08T16:20:46","date_gmt":"2023-03-08T15:20:46","guid":{"rendered":"http:\/\/foastek.fr\/?p=3954"},"modified":"2023-03-09T16:59:17","modified_gmt":"2023-03-09T15:59:17","slug":"affaire-france-telecom-le-harcelement-moral-institutionnel-est-confirme","status":"publish","type":"post","link":"https:\/\/foastek.fr\/?p=3954","title":{"rendered":"Affaire France T\u00e9l\u00e9com : le harc\u00e8lement moral institutionnel est confirm\u00e9"},"content":{"rendered":"\n<figure class=\"wp-block-image size-large\"><a href=\"https:\/\/i0.wp.com\/foastek.fr\/wp-content\/uploads\/2023\/03\/8e7f97e1-6ce8-478b-b1c6-0e8be75865ab_quoti-20230309-social-telecom.jpg\"><img data-recalc-dims=\"1\" loading=\"lazy\" decoding=\"async\" width=\"1024\" height=\"536\" data-attachment-id=\"3955\" data-permalink=\"https:\/\/foastek.fr\/?attachment_id=3955\" data-orig-file=\"https:\/\/i0.wp.com\/foastek.fr\/wp-content\/uploads\/2023\/03\/8e7f97e1-6ce8-478b-b1c6-0e8be75865ab_quoti-20230309-social-telecom.jpg?fit=1200%2C628&amp;ssl=1\" data-orig-size=\"1200,628\" data-comments-opened=\"1\" data-image-meta=\"{&quot;aperture&quot;:&quot;0&quot;,&quot;credit&quot;:&quot;&quot;,&quot;camera&quot;:&quot;&quot;,&quot;caption&quot;:&quot;&quot;,&quot;created_timestamp&quot;:&quot;0&quot;,&quot;copyright&quot;:&quot;&quot;,&quot;focal_length&quot;:&quot;0&quot;,&quot;iso&quot;:&quot;0&quot;,&quot;shutter_speed&quot;:&quot;0&quot;,&quot;title&quot;:&quot;&quot;,&quot;orientation&quot;:&quot;1&quot;}\" data-image-title=\"8e7f97e1-6ce8-478b-b1c6-0e8be75865ab_quoti-20230309-social-telecom\" data-image-description=\"\" data-image-caption=\"\" data-large-file=\"https:\/\/i0.wp.com\/foastek.fr\/wp-content\/uploads\/2023\/03\/8e7f97e1-6ce8-478b-b1c6-0e8be75865ab_quoti-20230309-social-telecom.jpg?fit=1024%2C536&amp;ssl=1\" src=\"https:\/\/i0.wp.com\/foastek.fr\/wp-content\/uploads\/2023\/03\/8e7f97e1-6ce8-478b-b1c6-0e8be75865ab_quoti-20230309-social-telecom.jpg?resize=1024%2C536\" alt=\"\" class=\"wp-image-3955\" srcset=\"https:\/\/i0.wp.com\/foastek.fr\/wp-content\/uploads\/2023\/03\/8e7f97e1-6ce8-478b-b1c6-0e8be75865ab_quoti-20230309-social-telecom.jpg?resize=1024%2C536&amp;ssl=1 1024w, https:\/\/i0.wp.com\/foastek.fr\/wp-content\/uploads\/2023\/03\/8e7f97e1-6ce8-478b-b1c6-0e8be75865ab_quoti-20230309-social-telecom.jpg?resize=300%2C157&amp;ssl=1 300w, https:\/\/i0.wp.com\/foastek.fr\/wp-content\/uploads\/2023\/03\/8e7f97e1-6ce8-478b-b1c6-0e8be75865ab_quoti-20230309-social-telecom.jpg?resize=768%2C402&amp;ssl=1 768w, https:\/\/i0.wp.com\/foastek.fr\/wp-content\/uploads\/2023\/03\/8e7f97e1-6ce8-478b-b1c6-0e8be75865ab_quoti-20230309-social-telecom.jpg?w=1200&amp;ssl=1 1200w\" sizes=\"auto, (max-width: 1000px) 100vw, 1000px\" \/><\/a><\/figure>\n\n\n\n<p>L&rsquo;affaire France Telecom a connu, \u00e0 l&rsquo;\u00e9poque des faits, d&rsquo;importantes retomb\u00e9es m\u00e9diatiques en raison, notamment, du nombre de victimes. Apr\u00e8s le tribunal correctionnel qui s&rsquo;\u00e9tait prononc\u00e9 en 2019, la proc\u00e9dure a suivi son cours et les juges d&rsquo;appel \u00e9taient cette fois appel\u00e9s \u00e0 se prononcer sur cette tristement c\u00e9l\u00e8bre affaire de harc\u00e8lement moral. Il \u00e9tait, en effet, reproch\u00e9 aux pr\u00e9venus des faits de harc\u00e8lement moral r\u00e9sultant de la mise en \u0153uvre d\u2019une politique d\u2019entreprise visant le d\u00e9part de 22 000 salari\u00e9s sur 3 ans (dite \u00ab politique de d\u00e9flation des effectifs \u00bb).&nbsp;<\/p>\n\n\n\n<p>La cour d\u2019appel de Paris devait donc d\u00e9terminer si les dirigeants de France Telecom pouvaient se voir reprocher des faits de harc\u00e8lement moral r\u00e9sultant, non pas de leurs relations individuelles avec les salari\u00e9s, mais de la <strong>politique d&rsquo;entreprise<\/strong> qu&rsquo;ils avaient con\u00e7ue et mise en \u0153uvre. Dans son arr\u00eat du 30 septembre 2022, la cour a valid\u00e9 l\u2019approche retenue par le tribunal correctionnel de Paris dans son jugement du 13 d\u00e9cembre 2019 et confirm\u00e9 les contours de cette notion de harc\u00e8lement moral institutionnel.<\/p>\n\n\n\n<p>La suite sur \u00ab\u00a0<a href=\"https:\/\/www.efl.fr\/actualite\/affaire-france-telecom-harcelement-moral-institutionnel-confirme_f2143ddbf-2d6d-4d93-b81f-9447d0aca125\">Les \u00e9ditions Francis Lefebvre<\/a>\u00ab\u00a0<\/p>\n","protected":false},"excerpt":{"rendered":"<div class=\"mh-excerpt\"><p>L&rsquo;affaire France Telecom a connu, \u00e0 l&rsquo;\u00e9poque des faits, d&rsquo;importantes retomb\u00e9es m\u00e9diatiques en raison, notamment, du nombre de victimes. Apr\u00e8s le tribunal correctionnel qui s&rsquo;\u00e9tait <a class=\"mh-excerpt-more\" href=\"https:\/\/foastek.fr\/?p=3954\" title=\"Affaire France T\u00e9l\u00e9com : le harc\u00e8lement moral institutionnel est confirm\u00e9\">[&#8230;]<\/a><\/p>\n<\/div>","protected":false},"author":1,"featured_media":0,"comment_status":"open","ping_status":"open","sticky":false,"template":"","format":"standard","meta":{"h5ap_radio_sources":[],"jetpack_post_was_ever_published":false,"_jetpack_newsletter_access":"","_jetpack_dont_email_post_to_subs":false,"_jetpack_newsletter_tier_id":0,"_jetpack_memberships_contains_paywalled_content":false,"_jetpack_memberships_contains_paid_content":false,"footnotes":"","jetpack_publicize_message":"","jetpack_publicize_feature_enabled":true,"jetpack_social_post_already_shared":true,"jetpack_social_options":{"image_generator_settings":{"template":"highway","default_image_id":0,"font":"","enabled":false},"version":2}},"categories":[2,240,160],"tags":[84,54],"class_list":["post-3954","post","type-post","status-publish","format-standard","hentry","category-accueil","category-actualite","category-sante","tag-harcelement","tag-sante"],"jetpack_publicize_connections":[],"jetpack_featured_media_url":"","jetpack_sharing_enabled":true,"jetpack_shortlink":"https:\/\/wp.me\/p77E1E-11M","jetpack-related-posts":[],"_links":{"self":[{"href":"https:\/\/foastek.fr\/index.php?rest_route=\/wp\/v2\/posts\/3954","targetHints":{"allow":["GET"]}}],"collection":[{"href":"https:\/\/foastek.fr\/index.php?rest_route=\/wp\/v2\/posts"}],"about":[{"href":"https:\/\/foastek.fr\/index.php?rest_route=\/wp\/v2\/types\/post"}],"author":[{"embeddable":true,"href":"https:\/\/foastek.fr\/index.php?rest_route=\/wp\/v2\/users\/1"}],"replies":[{"embeddable":true,"href":"https:\/\/foastek.fr\/index.php?rest_route=%2Fwp%2Fv2%2Fcomments&post=3954"}],"version-history":[{"count":1,"href":"https:\/\/foastek.fr\/index.php?rest_route=\/wp\/v2\/posts\/3954\/revisions"}],"predecessor-version":[{"id":3956,"href":"https:\/\/foastek.fr\/index.php?rest_route=\/wp\/v2\/posts\/3954\/revisions\/3956"}],"wp:attachment":[{"href":"https:\/\/foastek.fr\/index.php?rest_route=%2Fwp%2Fv2%2Fmedia&parent=3954"}],"wp:term":[{"taxonomy":"category","embeddable":true,"href":"https:\/\/foastek.fr\/index.php?rest_route=%2Fwp%2Fv2%2Fcategories&post=3954"},{"taxonomy":"post_tag","embeddable":true,"href":"https:\/\/foastek.fr\/index.php?rest_route=%2Fwp%2Fv2%2Ftags&post=3954"}],"curies":[{"name":"wp","href":"https:\/\/api.w.org\/{rel}","templated":true}]}}