{"id":4022,"date":"2023-04-05T08:25:53","date_gmt":"2023-04-05T07:25:53","guid":{"rendered":"http:\/\/foastek.fr\/?p=4022"},"modified":"2023-04-15T23:03:23","modified_gmt":"2023-04-15T22:03:23","slug":"une-mise-a-pied-conservatoire-tardive-peut-invalider-un-licenciement-pour-faute-grave-ulterieur","status":"publish","type":"post","link":"https:\/\/foastek.fr\/?p=4022","title":{"rendered":"Une mise \u00e0 pied conservatoire \u00ab tardive \u00bb peut invalider un licenciement pour faute grave ult\u00e9rieur"},"content":{"rendered":"\n<p>La mise \u00e0 pied conservatoire qui intervient tardivement apr\u00e8s l\u2019engagement de la proc\u00e9dure de licenciement pr\u00e9sente un caract\u00e8re disciplinaire si elle n\u2019est pas justifi\u00e9e par de nouveaux faits fautifs. Le licenciement pour faute grave prononc\u00e9 \u00e0 l\u2019issue de la proc\u00e9dure est alors sans cause r\u00e9elle et s\u00e9rieuse.<\/p>\n\n\n\n<p>Cass. soc. 22 mars 2023, n\u00b0 <a rel=\"noreferrer noopener\" href=\"https:\/\/rfsocial.grouperf.com\/lien_spad\/?base=JURI&amp;orig=REVUE_RF_FH&amp;juridiction=CASS&amp;chambre=SOC.&amp;numero=21-15648&amp;sp=\/juri\/inca\/global\/sociale\/JURI\/TEXT\/00\/00\/47\/35\/05\/JURITEXT000047350593.xml&amp;date=2023-03-22\" target=\"_blank\">21-15648<\/a> D<\/p>\n","protected":false},"excerpt":{"rendered":"<div class=\"mh-excerpt\"><p>La mise \u00e0 pied conservatoire qui intervient tardivement apr\u00e8s l\u2019engagement de la proc\u00e9dure de licenciement pr\u00e9sente un caract\u00e8re disciplinaire si elle n\u2019est pas justifi\u00e9e par <a class=\"mh-excerpt-more\" href=\"https:\/\/foastek.fr\/?p=4022\" title=\"Une mise \u00e0 pied conservatoire \u00ab tardive \u00bb peut invalider un licenciement pour faute grave ult\u00e9rieur\">[&#8230;]<\/a><\/p>\n<\/div>","protected":false},"author":1,"featured_media":4350,"comment_status":"open","ping_status":"open","sticky":false,"template":"","format":"standard","meta":{"h5ap_radio_sources":[],"jetpack_post_was_ever_published":false,"_jetpack_newsletter_access":"","_jetpack_dont_email_post_to_subs":false,"_jetpack_newsletter_tier_id":0,"_jetpack_memberships_contains_paywalled_content":false,"_jetpack_memberships_contains_paid_content":false,"footnotes":"","jetpack_publicize_message":"","jetpack_publicize_feature_enabled":true,"jetpack_social_post_already_shared":true,"jetpack_social_options":{"image_generator_settings":{"template":"highway","default_image_id":0,"font":"","enabled":false},"version":2}},"categories":[2,10],"tags":[22],"class_list":["post-4022","post","type-post","status-publish","format-standard","has-post-thumbnail","hentry","category-accueil","category-vos-droits","tag-licenciement"],"jetpack_publicize_connections":[],"jetpack_featured_media_url":"https:\/\/i0.wp.com\/foastek.fr\/wp-content\/uploads\/2023\/04\/palais_justice.jpg?fit=805%2C453&ssl=1","jetpack_sharing_enabled":true,"jetpack_shortlink":"https:\/\/wp.me\/p77E1E-12S","jetpack-related-posts":[],"_links":{"self":[{"href":"https:\/\/foastek.fr\/index.php?rest_route=\/wp\/v2\/posts\/4022","targetHints":{"allow":["GET"]}}],"collection":[{"href":"https:\/\/foastek.fr\/index.php?rest_route=\/wp\/v2\/posts"}],"about":[{"href":"https:\/\/foastek.fr\/index.php?rest_route=\/wp\/v2\/types\/post"}],"author":[{"embeddable":true,"href":"https:\/\/foastek.fr\/index.php?rest_route=\/wp\/v2\/users\/1"}],"replies":[{"embeddable":true,"href":"https:\/\/foastek.fr\/index.php?rest_route=%2Fwp%2Fv2%2Fcomments&post=4022"}],"version-history":[{"count":1,"href":"https:\/\/foastek.fr\/index.php?rest_route=\/wp\/v2\/posts\/4022\/revisions"}],"predecessor-version":[{"id":4023,"href":"https:\/\/foastek.fr\/index.php?rest_route=\/wp\/v2\/posts\/4022\/revisions\/4023"}],"wp:featuredmedia":[{"embeddable":true,"href":"https:\/\/foastek.fr\/index.php?rest_route=\/wp\/v2\/media\/4350"}],"wp:attachment":[{"href":"https:\/\/foastek.fr\/index.php?rest_route=%2Fwp%2Fv2%2Fmedia&parent=4022"}],"wp:term":[{"taxonomy":"category","embeddable":true,"href":"https:\/\/foastek.fr\/index.php?rest_route=%2Fwp%2Fv2%2Fcategories&post=4022"},{"taxonomy":"post_tag","embeddable":true,"href":"https:\/\/foastek.fr\/index.php?rest_route=%2Fwp%2Fv2%2Ftags&post=4022"}],"curies":[{"name":"wp","href":"https:\/\/api.w.org\/{rel}","templated":true}]}}