{"id":4033,"date":"2023-04-04T08:47:24","date_gmt":"2023-04-04T07:47:24","guid":{"rendered":"http:\/\/foastek.fr\/?p=4033"},"modified":"2023-04-15T23:03:51","modified_gmt":"2023-04-15T22:03:51","slug":"lemployeur-peut-etre-tenu-de-reclasser-un-salarie-inapte-en-teletravail","status":"publish","type":"post","link":"https:\/\/foastek.fr\/?p=4033","title":{"rendered":"L&#8217;employeur peut \u00eatre tenu de reclasser un salari\u00e9 inapte en t\u00e9l\u00e9travail"},"content":{"rendered":"\n<p>Si le m\u00e9decin du travail pr\u00e9conise un passage en t\u00e9l\u00e9travail pour un salari\u00e9 inapte, l\u2019employeur doit s\u2019y conformer quand cela est compatible avec les fonctions du salari\u00e9, y compris si le t\u00e9l\u00e9travail n\u2019a pas d\u00e9j\u00e0 \u00e9t\u00e9 instaur\u00e9 dans l\u2019entreprise. <\/p>\n\n\n\n<p>\u00c0 d\u00e9faut, les juges consid\u00e8rent que l\u2019employeur n\u2019ex\u00e9cute pas loyalement son obligation de reclassement. <\/p>\n\n\n\n<p>Cons\u00e9quence directe : le licenciement prononc\u00e9 pour impossibilit\u00e9 de reclassement est jug\u00e9 sans cause r\u00e9elle et s\u00e9rieuse.<\/p>\n\n\n\n<p>cass. soc 29 mars 2023, n\u00b0 21-15472 FB, <a rel=\"noreferrer noopener\" href=\"https:\/\/www.courdecassation.fr\/decision\/6423d6e178684f04f5813f93\" target=\"_blank\">https:\/\/www.courdecassation.fr\/decision\/6423d6e178684f04f5813f93<\/a><\/p>\n","protected":false},"excerpt":{"rendered":"<div class=\"mh-excerpt\"><p>Si le m\u00e9decin du travail pr\u00e9conise un passage en t\u00e9l\u00e9travail pour un salari\u00e9 inapte, l\u2019employeur doit s\u2019y conformer quand cela est compatible avec les fonctions <a class=\"mh-excerpt-more\" href=\"https:\/\/foastek.fr\/?p=4033\" title=\"L&#8217;employeur peut \u00eatre tenu de reclasser un salari\u00e9 inapte en t\u00e9l\u00e9travail\">[&#8230;]<\/a><\/p>\n<\/div>","protected":false},"author":1,"featured_media":4350,"comment_status":"open","ping_status":"open","sticky":false,"template":"","format":"standard","meta":{"h5ap_radio_sources":[],"jetpack_post_was_ever_published":false,"_jetpack_newsletter_access":"","_jetpack_dont_email_post_to_subs":false,"_jetpack_newsletter_tier_id":0,"_jetpack_memberships_contains_paywalled_content":false,"_jetpack_memberships_contains_paid_content":false,"footnotes":"","jetpack_publicize_message":"","jetpack_publicize_feature_enabled":true,"jetpack_social_post_already_shared":true,"jetpack_social_options":{"image_generator_settings":{"template":"highway","default_image_id":0,"font":"","enabled":false},"version":2}},"categories":[2,10],"tags":[243,22,333,37],"class_list":["post-4033","post","type-post","status-publish","format-standard","has-post-thumbnail","hentry","category-accueil","category-vos-droits","tag-inaptitude","tag-licenciement","tag-reclassement","tag-teletravail"],"jetpack_publicize_connections":[],"jetpack_featured_media_url":"https:\/\/i0.wp.com\/foastek.fr\/wp-content\/uploads\/2023\/04\/palais_justice.jpg?fit=805%2C453&ssl=1","jetpack_sharing_enabled":true,"jetpack_shortlink":"https:\/\/wp.me\/p77E1E-133","jetpack-related-posts":[],"_links":{"self":[{"href":"https:\/\/foastek.fr\/index.php?rest_route=\/wp\/v2\/posts\/4033","targetHints":{"allow":["GET"]}}],"collection":[{"href":"https:\/\/foastek.fr\/index.php?rest_route=\/wp\/v2\/posts"}],"about":[{"href":"https:\/\/foastek.fr\/index.php?rest_route=\/wp\/v2\/types\/post"}],"author":[{"embeddable":true,"href":"https:\/\/foastek.fr\/index.php?rest_route=\/wp\/v2\/users\/1"}],"replies":[{"embeddable":true,"href":"https:\/\/foastek.fr\/index.php?rest_route=%2Fwp%2Fv2%2Fcomments&post=4033"}],"version-history":[{"count":1,"href":"https:\/\/foastek.fr\/index.php?rest_route=\/wp\/v2\/posts\/4033\/revisions"}],"predecessor-version":[{"id":4034,"href":"https:\/\/foastek.fr\/index.php?rest_route=\/wp\/v2\/posts\/4033\/revisions\/4034"}],"wp:featuredmedia":[{"embeddable":true,"href":"https:\/\/foastek.fr\/index.php?rest_route=\/wp\/v2\/media\/4350"}],"wp:attachment":[{"href":"https:\/\/foastek.fr\/index.php?rest_route=%2Fwp%2Fv2%2Fmedia&parent=4033"}],"wp:term":[{"taxonomy":"category","embeddable":true,"href":"https:\/\/foastek.fr\/index.php?rest_route=%2Fwp%2Fv2%2Fcategories&post=4033"},{"taxonomy":"post_tag","embeddable":true,"href":"https:\/\/foastek.fr\/index.php?rest_route=%2Fwp%2Fv2%2Ftags&post=4033"}],"curies":[{"name":"wp","href":"https:\/\/api.w.org\/{rel}","templated":true}]}}