{"id":409,"date":"2016-03-08T16:12:53","date_gmt":"2016-03-08T15:12:53","guid":{"rendered":"http:\/\/foastek.fr\/?p=409"},"modified":"2016-03-08T16:35:52","modified_gmt":"2016-03-08T15:35:52","slug":"appel-a-mobilisation-du-9-mars-2016","status":"publish","type":"post","link":"https:\/\/foastek.fr\/?p=409","title":{"rendered":"Appel \u00e0 la gr\u00e8ve\/mobilisation du 9 mars 2016"},"content":{"rendered":"<p>Le projet de loi El Khomri qui vise \u00e0 r\u00e9former le Code du travail sera pr\u00e9sent\u00e9 au Conseil des ministres le 24 mars. Ce texte comporte de graves menaces pour les droits du salari\u00e9. Les cadres et ing\u00e9nieurs ne sont pas \u00e9pargn\u00e9s.<\/p>\n<p>Le pouvoir de dire non ! C\u2019est maintenant !<\/p>\n<p><a href=\"http:\/\/foastek.fr\/wp-content\/uploads\/2016\/03\/tract-loi-travail-fo-cadres-vdef.pdf\" rel=\"\">Tract FO Cadres &#8211; loi travail<\/a><\/p>\n","protected":false},"excerpt":{"rendered":"<div class=\"mh-excerpt\"><p>Le projet de loi El Khomri qui vise \u00e0 r\u00e9former le Code du travail sera pr\u00e9sent\u00e9 au Conseil des ministres le 24 mars. Ce texte <a class=\"mh-excerpt-more\" href=\"https:\/\/foastek.fr\/?p=409\" title=\"Appel \u00e0 la gr\u00e8ve\/mobilisation du 9 mars 2016\">[&#8230;]<\/a><\/p>\n<\/div>","protected":false},"author":1,"featured_media":0,"comment_status":"open","ping_status":"open","sticky":false,"template":"","format":"standard","meta":{"h5ap_radio_sources":[],"jetpack_post_was_ever_published":false,"_jetpack_newsletter_access":"","_jetpack_dont_email_post_to_subs":false,"_jetpack_newsletter_tier_id":0,"_jetpack_memberships_contains_paywalled_content":false,"_jetpack_memberships_contains_paid_content":false,"footnotes":"","jetpack_publicize_message":"","jetpack_publicize_feature_enabled":true,"jetpack_social_post_already_shared":true,"jetpack_social_options":{"image_generator_settings":{"template":"highway","default_image_id":0,"font":"","enabled":false},"version":2}},"categories":[2,5,10],"tags":[],"class_list":["post-409","post","type-post","status-publish","format-standard","hentry","category-accueil","category-greve","category-vos-droits"],"jetpack_publicize_connections":[],"jetpack_featured_media_url":"","jetpack_sharing_enabled":true,"jetpack_shortlink":"https:\/\/wp.me\/p77E1E-6B","jetpack-related-posts":[],"_links":{"self":[{"href":"https:\/\/foastek.fr\/index.php?rest_route=\/wp\/v2\/posts\/409","targetHints":{"allow":["GET"]}}],"collection":[{"href":"https:\/\/foastek.fr\/index.php?rest_route=\/wp\/v2\/posts"}],"about":[{"href":"https:\/\/foastek.fr\/index.php?rest_route=\/wp\/v2\/types\/post"}],"author":[{"embeddable":true,"href":"https:\/\/foastek.fr\/index.php?rest_route=\/wp\/v2\/users\/1"}],"replies":[{"embeddable":true,"href":"https:\/\/foastek.fr\/index.php?rest_route=%2Fwp%2Fv2%2Fcomments&post=409"}],"version-history":[{"count":2,"href":"https:\/\/foastek.fr\/index.php?rest_route=\/wp\/v2\/posts\/409\/revisions"}],"predecessor-version":[{"id":412,"href":"https:\/\/foastek.fr\/index.php?rest_route=\/wp\/v2\/posts\/409\/revisions\/412"}],"wp:attachment":[{"href":"https:\/\/foastek.fr\/index.php?rest_route=%2Fwp%2Fv2%2Fmedia&parent=409"}],"wp:term":[{"taxonomy":"category","embeddable":true,"href":"https:\/\/foastek.fr\/index.php?rest_route=%2Fwp%2Fv2%2Fcategories&post=409"},{"taxonomy":"post_tag","embeddable":true,"href":"https:\/\/foastek.fr\/index.php?rest_route=%2Fwp%2Fv2%2Ftags&post=409"}],"curies":[{"name":"wp","href":"https:\/\/api.w.org\/{rel}","templated":true}]}}