{"id":4445,"date":"2023-04-19T08:36:12","date_gmt":"2023-04-19T07:36:12","guid":{"rendered":"http:\/\/foastek.fr\/?p=4445"},"modified":"2023-04-22T08:48:36","modified_gmt":"2023-04-22T07:48:36","slug":"en-matiere-de-participation-la-prescription-est-celle-relative-a-lexecution-du-contrat-de-travail","status":"publish","type":"post","link":"https:\/\/foastek.fr\/?p=4445","title":{"rendered":"En mati\u00e8re de participation, la prescription est celle relative \u00e0 l\u2019ex\u00e9cution du contrat de travail"},"content":{"rendered":"\n<p>Une salari\u00e9e, dont le contrat de travail a pris fin le 31 juillet 2017, r\u00e9clame des droits \u00e0 participation remontant \u00e0 pr\u00e8s d\u2019une quinzaine d\u2019ann\u00e9es. Elle a en cons\u00e9quence saisi les prud\u2019hommes le 16 septembre 2019, soit pr\u00e8s de 2 ans apr\u00e8s avoir pris connaissance de son droit \u00e0 participation.<\/p>\n\n\n\n<p>Pour la cour d\u2019appel, r\u00e9clamer des droits \u00e0 participation revient \u00e0 former une demande de rappel de salaire.<\/p>\n\n\n\n<p>Or \u00ab <em>l&rsquo;action en paiement ou en r\u00e9p\u00e9tition du salaire se prescrit par 3 ans \u00e0 compter du jour o\u00f9 celui qui l&rsquo;exerce a connu ou aurait d\u00fb conna\u00eetre les faits lui permettant de l&rsquo;exercer. La demande peut porter [\u2026] sur les sommes dues au titre des 3 ann\u00e9es pr\u00e9c\u00e9dant la rupture du contrat.<\/em> \u00bb (c. trav. art. L. 3245-1).<\/p>\n\n\n\n<p>La cour d\u2019appel a donc jug\u00e9 sa demande irrecevable.<\/p>\n\n\n\n<p>La Cour de cassation censure l\u2019arr\u00eat de la cour d\u2019appel, apr\u00e8s avoir relev\u00e9 que ce n\u2019\u00e9tait pas la prescription en mati\u00e8re de salaire qu\u2019il fallait appliquer, mais la prescription relative \u00e0 l\u2019ex\u00e9cution du contrat de travail.<\/p>\n\n\n\n<p>La salari\u00e9e ayant saisi les prud\u2019hommes dans les temps (moins de 2 ans apr\u00e8s avoir pris connaissance de son droit \u00e0 participation), sa demande aurait donc d\u00fb \u00eatre jug\u00e9e recevable. Et il importait peu que les sommes dont elle demandait le paiement auraient d\u00fb lui \u00eatre vers\u00e9es il y a pr\u00e8s de 15 ans\u2026<\/p>\n\n\n\n<p>Cette d\u00e9cision clarifie un sujet devenu complexe depuis les r\u00e9formes successives des d\u00e9lais de prescription (loi 2008-561 du 17 juin 2008 ; loi 2013-504 du 14 juin 2013 ; ord. 2017-1387 du 22 septembre 2017).<\/p>\n\n\n\n<p>Source : <a href=\"https:\/\/www.courdecassation.fr\/decision\/6437a1d89477fe04f5cc68d6\">Cass. soc. 13 avril 2023, n\u00b0 21-22455 FS<\/a><\/p>\n","protected":false},"excerpt":{"rendered":"<div class=\"mh-excerpt\"><p>Une salari\u00e9e, dont le contrat de travail a pris fin le 31 juillet 2017, r\u00e9clame des droits \u00e0 participation remontant \u00e0 pr\u00e8s d\u2019une quinzaine d\u2019ann\u00e9es. <a class=\"mh-excerpt-more\" href=\"https:\/\/foastek.fr\/?p=4445\" title=\"En mati\u00e8re de participation, la prescription est celle relative \u00e0 l\u2019ex\u00e9cution du contrat de travail\">[&#8230;]<\/a><\/p>\n<\/div>","protected":false},"author":1,"featured_media":4350,"comment_status":"open","ping_status":"open","sticky":false,"template":"","format":"standard","meta":{"h5ap_radio_sources":[],"jetpack_post_was_ever_published":false,"_jetpack_newsletter_access":"","_jetpack_dont_email_post_to_subs":false,"_jetpack_newsletter_tier_id":0,"_jetpack_memberships_contains_paywalled_content":false,"_jetpack_memberships_contains_paid_content":false,"footnotes":"","jetpack_publicize_message":"","jetpack_publicize_feature_enabled":true,"jetpack_social_post_already_shared":true,"jetpack_social_options":{"image_generator_settings":{"template":"highway","default_image_id":0,"font":"","enabled":false},"version":2}},"categories":[2,10],"tags":[],"class_list":["post-4445","post","type-post","status-publish","format-standard","has-post-thumbnail","hentry","category-accueil","category-vos-droits"],"jetpack_publicize_connections":[],"jetpack_featured_media_url":"https:\/\/i0.wp.com\/foastek.fr\/wp-content\/uploads\/2023\/04\/palais_justice.jpg?fit=805%2C453&ssl=1","jetpack_sharing_enabled":true,"jetpack_shortlink":"https:\/\/wp.me\/p77E1E-19H","jetpack-related-posts":[],"_links":{"self":[{"href":"https:\/\/foastek.fr\/index.php?rest_route=\/wp\/v2\/posts\/4445","targetHints":{"allow":["GET"]}}],"collection":[{"href":"https:\/\/foastek.fr\/index.php?rest_route=\/wp\/v2\/posts"}],"about":[{"href":"https:\/\/foastek.fr\/index.php?rest_route=\/wp\/v2\/types\/post"}],"author":[{"embeddable":true,"href":"https:\/\/foastek.fr\/index.php?rest_route=\/wp\/v2\/users\/1"}],"replies":[{"embeddable":true,"href":"https:\/\/foastek.fr\/index.php?rest_route=%2Fwp%2Fv2%2Fcomments&post=4445"}],"version-history":[{"count":1,"href":"https:\/\/foastek.fr\/index.php?rest_route=\/wp\/v2\/posts\/4445\/revisions"}],"predecessor-version":[{"id":4446,"href":"https:\/\/foastek.fr\/index.php?rest_route=\/wp\/v2\/posts\/4445\/revisions\/4446"}],"wp:featuredmedia":[{"embeddable":true,"href":"https:\/\/foastek.fr\/index.php?rest_route=\/wp\/v2\/media\/4350"}],"wp:attachment":[{"href":"https:\/\/foastek.fr\/index.php?rest_route=%2Fwp%2Fv2%2Fmedia&parent=4445"}],"wp:term":[{"taxonomy":"category","embeddable":true,"href":"https:\/\/foastek.fr\/index.php?rest_route=%2Fwp%2Fv2%2Fcategories&post=4445"},{"taxonomy":"post_tag","embeddable":true,"href":"https:\/\/foastek.fr\/index.php?rest_route=%2Fwp%2Fv2%2Ftags&post=4445"}],"curies":[{"name":"wp","href":"https:\/\/api.w.org\/{rel}","templated":true}]}}