{"id":4456,"date":"2023-04-20T16:49:46","date_gmt":"2023-04-20T15:49:46","guid":{"rendered":"http:\/\/foastek.fr\/?p=4456"},"modified":"2023-04-23T18:22:19","modified_gmt":"2023-04-23T17:22:19","slug":"denonciation-dun-harcelement-moral-revirement-de-la-cour-de-cassation-pour-une-meilleure-protection-du-salarie","status":"publish","type":"post","link":"https:\/\/foastek.fr\/?p=4456","title":{"rendered":"D\u00e9nonciation d\u2019un harc\u00e8lement moral : revirement de la Cour de cassation pour une meilleure protection du salari\u00e9"},"content":{"rendered":"\n<p>Une salari\u00e9e a adress\u00e9 un courrier \u00e0 plusieurs membres du conseil de l&rsquo;administration pour d\u00e9noncer notamment le comportement du directeur de la structure \u00e0 laquelle elle \u00e9tait affect\u00e9e.<\/p>\n\n\n\n<p>Elle a alors \u00e9t\u00e9 licenci\u00e9e pour faute grave. Dans la lettre de licenciement, son employeur lui reprochait d\u2019avoir dans son courrier \u00ab gravement mis en cause l&rsquo;attitude et les d\u00e9cisions prises par le directeur, M. \u2026, tant \u00e0 (son) \u00e9gard que s&rsquo;agissant du fonctionnement de la structure \u00bb et d\u2019avoir port\u00e9 \u00ab des attaques graves \u00e0 l&rsquo;encontre de plusieurs de (ses) coll\u00e8gues, quant \u00e0 leur comportement, leur travail, mais encore \u00e0 l&rsquo;encontre de la gouvernance de l&rsquo;association \u00bb.<\/p>\n\n\n\n<p>Elle a saisi le conseil de prud\u2019hommes en soutenant avoir subi et d\u00e9nonc\u00e9 des agissements de harc\u00e8lement moral et en demandant donc la nullit\u00e9 de son licenciement. Elle n\u2019a pas obtenu gain de cause devant le conseil de prud\u2019hommes mais la cour d\u2019appel lui a donn\u00e9 raison.<\/p>\n\n\n\n<p>L\u2019employeur s\u2019est alors pourvu en cassation. Pour se d\u00e9fendre, l\u2019employeur fait valoir qu\u2019il n\u2019a pas formellement reproch\u00e9 \u00e0 la salari\u00e9e d\u2019avoir d\u00e9nonc\u00e9 un harc\u00e8lement moral dans la lettre de licenciement. Il souligne aussi que la salari\u00e9e n\u2019avait pas qualifi\u00e9 les agissements qu\u2019elle d\u00e9non\u00e7ait de harc\u00e8lement moral.<\/p>\n\n\n\n<p>La Cour de cassation, revenant sur sa jurisprudence, approuve la cour d\u2019appel d\u2019avoir annul\u00e9 le licenciement de la salari\u00e9e.<\/p>\n\n\n\n<p>Ainsi, la Cour de Cassation a d\u00e9cid\u00e9 que d\u00e9sormais le salari\u00e9 de bonne foi qui d\u00e9nonce des faits de harc\u00e8lement moral ne peut pas \u00eatre licenci\u00e9 pour ce motif, m\u00eame quand il n\u2019a pas utilis\u00e9 le terme exact de \u00ab harc\u00e8lement moral \u00bb dans sa lettre de d\u00e9nonciation. \u00c0 une condition toutefois : l\u2019employeur ne devait pas pouvoir l\u00e9gitimement ignorer que le salari\u00e9 relatait bien un harc\u00e8lement.<\/p>\n\n\n\n<p>Source : <a href=\"https:\/\/www.courdecassation.fr\/decision\/643f8694ad85da04f53a3953?judilibre_juridiction=cc&amp;judilibre_chambre[]=soc&amp;previousdecisionpage=0&amp;previousdecisionindex=0&amp;nextdecisionpage=0&amp;nextdecisionindex=2\">Cass. soc. 19 avril 2023, n\u00b0 21-21053 FPBR<\/a><\/p>\n","protected":false},"excerpt":{"rendered":"<div class=\"mh-excerpt\"><p>Une salari\u00e9e a adress\u00e9 un courrier \u00e0 plusieurs membres du conseil de l&rsquo;administration pour d\u00e9noncer notamment le comportement du directeur de la structure \u00e0 laquelle <a class=\"mh-excerpt-more\" href=\"https:\/\/foastek.fr\/?p=4456\" title=\"D\u00e9nonciation d\u2019un harc\u00e8lement moral : revirement de la Cour de cassation pour une meilleure protection du salari\u00e9\">[&#8230;]<\/a><\/p>\n<\/div>","protected":false},"author":1,"featured_media":4350,"comment_status":"open","ping_status":"open","sticky":false,"template":"","format":"standard","meta":{"h5ap_radio_sources":[],"jetpack_post_was_ever_published":false,"_jetpack_newsletter_access":"","_jetpack_dont_email_post_to_subs":false,"_jetpack_newsletter_tier_id":0,"_jetpack_memberships_contains_paywalled_content":false,"_jetpack_memberships_contains_paid_content":false,"footnotes":"","jetpack_publicize_message":"","jetpack_publicize_feature_enabled":true,"jetpack_social_post_already_shared":true,"jetpack_social_options":{"image_generator_settings":{"template":"highway","default_image_id":0,"font":"","enabled":false},"version":2}},"categories":[2,10],"tags":[170,84,149,22],"class_list":["post-4456","post","type-post","status-publish","format-standard","has-post-thumbnail","hentry","category-accueil","category-vos-droits","tag-cassation","tag-harcelement","tag-justice","tag-licenciement"],"jetpack_publicize_connections":[],"jetpack_featured_media_url":"https:\/\/i0.wp.com\/foastek.fr\/wp-content\/uploads\/2023\/04\/palais_justice.jpg?fit=805%2C453&ssl=1","jetpack_sharing_enabled":true,"jetpack_shortlink":"https:\/\/wp.me\/p77E1E-19S","jetpack-related-posts":[],"_links":{"self":[{"href":"https:\/\/foastek.fr\/index.php?rest_route=\/wp\/v2\/posts\/4456","targetHints":{"allow":["GET"]}}],"collection":[{"href":"https:\/\/foastek.fr\/index.php?rest_route=\/wp\/v2\/posts"}],"about":[{"href":"https:\/\/foastek.fr\/index.php?rest_route=\/wp\/v2\/types\/post"}],"author":[{"embeddable":true,"href":"https:\/\/foastek.fr\/index.php?rest_route=\/wp\/v2\/users\/1"}],"replies":[{"embeddable":true,"href":"https:\/\/foastek.fr\/index.php?rest_route=%2Fwp%2Fv2%2Fcomments&post=4456"}],"version-history":[{"count":1,"href":"https:\/\/foastek.fr\/index.php?rest_route=\/wp\/v2\/posts\/4456\/revisions"}],"predecessor-version":[{"id":4457,"href":"https:\/\/foastek.fr\/index.php?rest_route=\/wp\/v2\/posts\/4456\/revisions\/4457"}],"wp:featuredmedia":[{"embeddable":true,"href":"https:\/\/foastek.fr\/index.php?rest_route=\/wp\/v2\/media\/4350"}],"wp:attachment":[{"href":"https:\/\/foastek.fr\/index.php?rest_route=%2Fwp%2Fv2%2Fmedia&parent=4456"}],"wp:term":[{"taxonomy":"category","embeddable":true,"href":"https:\/\/foastek.fr\/index.php?rest_route=%2Fwp%2Fv2%2Fcategories&post=4456"},{"taxonomy":"post_tag","embeddable":true,"href":"https:\/\/foastek.fr\/index.php?rest_route=%2Fwp%2Fv2%2Ftags&post=4456"}],"curies":[{"name":"wp","href":"https:\/\/api.w.org\/{rel}","templated":true}]}}