{"id":4492,"date":"2023-05-02T08:24:10","date_gmt":"2023-05-02T07:24:10","guid":{"rendered":"http:\/\/foastek.fr\/?p=4492"},"modified":"2023-05-02T08:24:12","modified_gmt":"2023-05-02T07:24:12","slug":"les-consequences-dune-dispense-de-preavis","status":"publish","type":"post","link":"https:\/\/foastek.fr\/?p=4492","title":{"rendered":"Les cons\u00e9quences d&rsquo;une dispense de pr\u00e9avis"},"content":{"rendered":"\n<p>L&rsquo;indemnit\u00e9 compensatrice de pr\u00e9avis est due m\u00eame lorsque l&#8217;employeur dispense le salari\u00e9 de l&rsquo;effectuer (C. trav., art. L. 1234-5).<\/p>\n\n\n\n<p>Les \u00e9v\u00e9nements ult\u00e9rieurs n&rsquo;ont alors aucune incidence sur le droit du salari\u00e9 \u00e0 percevoir cette indemnit\u00e9 m\u00eame lorsqu&rsquo;il n&rsquo;est pas ex\u00e9cut\u00e9 pour cause d&rsquo;arr\u00eat maladie (Cass. soc., 21 janv. 2003, no 01-40.573).<\/p>\n\n\n\n<p>L&#8217;employeur n&rsquo;est pas autoris\u00e9 \u00e0 en d\u00e9duire le montant des indemnit\u00e9s journali\u00e8res de s\u00e9curit\u00e9 sociale per\u00e7ues par le salari\u00e9, que ce dernier soit ou non d\u00e9j\u00e0 en arr\u00eat de travail pour maladie au moment de la dispense de pr\u00e9avis (Cass. soc., 15 mai 2014, no 12-27.666).<\/p>\n\n\n\n<p>Il en est de m\u00eame<\/p>\n\n\n\n<ul class=\"wp-block-list\">\n<li>Si le salari\u00e9 a trouv\u00e9 un autre emploi (Cass. soc., 2 avr. 1998, no 95-43.822)<\/li>\n\n\n\n<li>Si l&#8217;employeur d\u00e9couvre qu&rsquo;une faute grave ou une faute lourde a \u00e9t\u00e9 commise avant le licenciement ou pendant le pr\u00e9avis non ex\u00e9cut\u00e9 (Cass. soc., 31 janv. 2006, no 04-43.141)<\/li>\n\n\n\n<li>S&rsquo;il per\u00e7oit des indemnit\u00e9s de ch\u00f4mage (Cass. soc., 9 mars 1989, no 86-41.509)<\/li>\n\n\n\n<li>S&rsquo;il est incarc\u00e9r\u00e9 (Cass. soc., 8 f\u00e9vr. 2000, no 97-45.553)<\/li>\n<\/ul>\n\n\n\n<p>En effet, dans ces situations, la cause premi\u00e8re de la non-ex\u00e9cution du pr\u00e9avis est la d\u00e9cision de l&#8217;employeur et non les \u00e9v\u00e8nements connus et\/ou intervenus au cours de la dispense.<\/p>\n","protected":false},"excerpt":{"rendered":"<div class=\"mh-excerpt\"><p>L&rsquo;indemnit\u00e9 compensatrice de pr\u00e9avis est due m\u00eame lorsque l&#8217;employeur dispense le salari\u00e9 de l&rsquo;effectuer (C. trav., art. L. 1234-5). Les \u00e9v\u00e9nements ult\u00e9rieurs n&rsquo;ont alors aucune <a class=\"mh-excerpt-more\" href=\"https:\/\/foastek.fr\/?p=4492\" title=\"Les cons\u00e9quences d&rsquo;une dispense de pr\u00e9avis\">[&#8230;]<\/a><\/p>\n<\/div>","protected":false},"author":1,"featured_media":4350,"comment_status":"open","ping_status":"open","sticky":false,"template":"","format":"standard","meta":{"h5ap_radio_sources":[],"jetpack_post_was_ever_published":false,"_jetpack_newsletter_access":"","_jetpack_dont_email_post_to_subs":false,"_jetpack_newsletter_tier_id":0,"_jetpack_memberships_contains_paywalled_content":false,"_jetpack_memberships_contains_paid_content":false,"footnotes":"","jetpack_publicize_message":"","jetpack_publicize_feature_enabled":true,"jetpack_social_post_already_shared":true,"jetpack_social_options":{"image_generator_settings":{"template":"highway","default_image_id":0,"font":"","enabled":false},"version":2}},"categories":[2,10],"tags":[358,357],"class_list":["post-4492","post","type-post","status-publish","format-standard","has-post-thumbnail","hentry","category-accueil","category-vos-droits","tag-dispense","tag-preavis"],"jetpack_publicize_connections":[],"jetpack_featured_media_url":"https:\/\/i0.wp.com\/foastek.fr\/wp-content\/uploads\/2023\/04\/palais_justice.jpg?fit=805%2C453&ssl=1","jetpack_sharing_enabled":true,"jetpack_shortlink":"https:\/\/wp.me\/p77E1E-1as","jetpack-related-posts":[],"_links":{"self":[{"href":"https:\/\/foastek.fr\/index.php?rest_route=\/wp\/v2\/posts\/4492","targetHints":{"allow":["GET"]}}],"collection":[{"href":"https:\/\/foastek.fr\/index.php?rest_route=\/wp\/v2\/posts"}],"about":[{"href":"https:\/\/foastek.fr\/index.php?rest_route=\/wp\/v2\/types\/post"}],"author":[{"embeddable":true,"href":"https:\/\/foastek.fr\/index.php?rest_route=\/wp\/v2\/users\/1"}],"replies":[{"embeddable":true,"href":"https:\/\/foastek.fr\/index.php?rest_route=%2Fwp%2Fv2%2Fcomments&post=4492"}],"version-history":[{"count":1,"href":"https:\/\/foastek.fr\/index.php?rest_route=\/wp\/v2\/posts\/4492\/revisions"}],"predecessor-version":[{"id":4493,"href":"https:\/\/foastek.fr\/index.php?rest_route=\/wp\/v2\/posts\/4492\/revisions\/4493"}],"wp:featuredmedia":[{"embeddable":true,"href":"https:\/\/foastek.fr\/index.php?rest_route=\/wp\/v2\/media\/4350"}],"wp:attachment":[{"href":"https:\/\/foastek.fr\/index.php?rest_route=%2Fwp%2Fv2%2Fmedia&parent=4492"}],"wp:term":[{"taxonomy":"category","embeddable":true,"href":"https:\/\/foastek.fr\/index.php?rest_route=%2Fwp%2Fv2%2Fcategories&post=4492"},{"taxonomy":"post_tag","embeddable":true,"href":"https:\/\/foastek.fr\/index.php?rest_route=%2Fwp%2Fv2%2Ftags&post=4492"}],"curies":[{"name":"wp","href":"https:\/\/api.w.org\/{rel}","templated":true}]}}