{"id":4530,"date":"2023-05-17T08:37:40","date_gmt":"2023-05-17T07:37:40","guid":{"rendered":"http:\/\/foastek.fr\/?p=4530"},"modified":"2023-05-22T15:19:22","modified_gmt":"2023-05-22T14:19:22","slug":"cadre-dirigeant-et-convention-de-forfait-en-heures","status":"publish","type":"post","link":"https:\/\/foastek.fr\/?p=4530","title":{"rendered":"Cadre dirigeant et convention de forfait en heures"},"content":{"rendered":"\n<p><strong>Par une d\u00e9cision rendue le 11 mai 2023 (n\u00b021-25.522), la Cour de cassation est venue rappeler que l\u2019employeur ne peut se pr\u00e9valoir de la qualit\u00e9 de cadre dirigeant pour contester la demande d\u2019heures suppl\u00e9mentaires du salari\u00e9 soumis \u00e0 une convention de forfait en heures.<\/strong><\/p>\n\n\n\n<p>En l\u2019esp\u00e8ce, un salari\u00e9 occupait les fonctions de Directeur g\u00e9n\u00e9ral des op\u00e9rations et \u00e9tait soumis \u00e0 une convention de forfait en heures. Suite \u00e0 son licenciement, il va saisir le Conseil de prud\u2019hommes afin d\u2019obtenir le paiement d\u2019heures suppl\u00e9mentaires, en soutenant que sa convention de forfait en heures \u00e9tait priv\u00e9e d&rsquo;effet.<br>&nbsp;<br>La Cour d\u2019appel fait droit \u00e0 la demande du salari\u00e9.<br>&nbsp;<br>En r\u00e9action, l&#8217;employeur a form\u00e9 un pourvoi en cassation \u00e0 l\u2019encontre de cette d\u00e9cision, au motif que le salari\u00e9 avait la qualit\u00e9 de cadre dirigeant puisqu&rsquo;il r\u00e9pondait aux caract\u00e9ristiques suivants : &nbsp;<br>\u2022 des responsabilit\u00e9s dont l&rsquo;importance implique une grande ind\u00e9pendance dans l&rsquo;organisation de leur emploi du temps<br>\u2022 \u00eatre habilit\u00e9 \u00e0 prendre des d\u00e9cisions de fa\u00e7on largement autonome ;<br>\u2022 percevoir une r\u00e9mun\u00e9ration se situant dans les niveaux les plus \u00e9lev\u00e9s des syst\u00e8mes de r\u00e9mun\u00e9ration pratiqu\u00e9s dans leur entreprise.<br>De ce fait, selon l&#8217;employeur aucune heure suppl\u00e9mentaire ne lui \u00e9tait due puisqu&rsquo;un cadre dirigeant ne peut \u00eatre soumis \u00e0 une convention de forfait en heures. Les deux \u00e9tant incompatibles.<br>&nbsp;<br>La Cour de cassation rejette le pourvoi de l\u2019employeur en pr\u00e9cisant que&nbsp;\u00ab&nbsp;la conclusion d\u2019une convention de forfait en heures, f\u00fbt-elle d\u00e9clar\u00e9e illicite ou priv\u00e9e d\u2019effet, ne permet pas \u00e0 l\u2019employeur de soutenir que le salari\u00e9 relevait de la cat\u00e9gorie des cadres dirigeants&nbsp;\u00bb.<br>&nbsp;<br>Il ressort de cet arr\u00eat que les r\u00e8gles relatives \u00e0 la dur\u00e9e du travail ne s\u2019appliquent pas aux cadres dirigeants. Un salari\u00e9 en forfait heures ne peut pas \u00eatre consid\u00e9r\u00e9 comme un cadre dirigeant m\u00eame si, suite \u00e0 un litige, sa convention de forfait est jug\u00e9e sans effet.<br><br>Cass. soc., 11 mai 2023, n\u00b021-25-522<\/p>\n","protected":false},"excerpt":{"rendered":"<div class=\"mh-excerpt\"><p>Par une d\u00e9cision rendue le 11 mai 2023 (n\u00b021-25.522), la Cour de cassation est venue rappeler que l\u2019employeur ne peut se pr\u00e9valoir de la qualit\u00e9 <a class=\"mh-excerpt-more\" href=\"https:\/\/foastek.fr\/?p=4530\" title=\"Cadre dirigeant et convention de forfait en heures\">[&#8230;]<\/a><\/p>\n<\/div>","protected":false},"author":1,"featured_media":4350,"comment_status":"open","ping_status":"open","sticky":false,"template":"","format":"standard","meta":{"h5ap_radio_sources":[],"jetpack_post_was_ever_published":false,"_jetpack_newsletter_access":"","_jetpack_dont_email_post_to_subs":false,"_jetpack_newsletter_tier_id":0,"_jetpack_memberships_contains_paywalled_content":false,"_jetpack_memberships_contains_paid_content":false,"footnotes":"","jetpack_publicize_message":"","jetpack_publicize_feature_enabled":true,"jetpack_social_post_already_shared":true,"jetpack_social_options":{"image_generator_settings":{"template":"highway","default_image_id":0,"font":"","enabled":false},"version":2}},"categories":[2,10],"tags":[315,247,134,149],"class_list":["post-4530","post","type-post","status-publish","format-standard","has-post-thumbnail","hentry","category-accueil","category-vos-droits","tag-cour-cassation","tag-cour-dappel","tag-heures-supplementaires","tag-justice"],"jetpack_publicize_connections":[],"jetpack_featured_media_url":"https:\/\/i0.wp.com\/foastek.fr\/wp-content\/uploads\/2023\/04\/palais_justice.jpg?fit=805%2C453&ssl=1","jetpack_sharing_enabled":true,"jetpack_shortlink":"https:\/\/wp.me\/p77E1E-1b4","jetpack-related-posts":[],"_links":{"self":[{"href":"https:\/\/foastek.fr\/index.php?rest_route=\/wp\/v2\/posts\/4530","targetHints":{"allow":["GET"]}}],"collection":[{"href":"https:\/\/foastek.fr\/index.php?rest_route=\/wp\/v2\/posts"}],"about":[{"href":"https:\/\/foastek.fr\/index.php?rest_route=\/wp\/v2\/types\/post"}],"author":[{"embeddable":true,"href":"https:\/\/foastek.fr\/index.php?rest_route=\/wp\/v2\/users\/1"}],"replies":[{"embeddable":true,"href":"https:\/\/foastek.fr\/index.php?rest_route=%2Fwp%2Fv2%2Fcomments&post=4530"}],"version-history":[{"count":1,"href":"https:\/\/foastek.fr\/index.php?rest_route=\/wp\/v2\/posts\/4530\/revisions"}],"predecessor-version":[{"id":4531,"href":"https:\/\/foastek.fr\/index.php?rest_route=\/wp\/v2\/posts\/4530\/revisions\/4531"}],"wp:featuredmedia":[{"embeddable":true,"href":"https:\/\/foastek.fr\/index.php?rest_route=\/wp\/v2\/media\/4350"}],"wp:attachment":[{"href":"https:\/\/foastek.fr\/index.php?rest_route=%2Fwp%2Fv2%2Fmedia&parent=4530"}],"wp:term":[{"taxonomy":"category","embeddable":true,"href":"https:\/\/foastek.fr\/index.php?rest_route=%2Fwp%2Fv2%2Fcategories&post=4530"},{"taxonomy":"post_tag","embeddable":true,"href":"https:\/\/foastek.fr\/index.php?rest_route=%2Fwp%2Fv2%2Ftags&post=4530"}],"curies":[{"name":"wp","href":"https:\/\/api.w.org\/{rel}","templated":true}]}}