{"id":4602,"date":"2023-06-13T13:22:29","date_gmt":"2023-06-13T12:22:29","guid":{"rendered":"http:\/\/foastek.fr\/?p=4602"},"modified":"2023-06-14T13:26:41","modified_gmt":"2023-06-14T12:26:41","slug":"newsletter-fo-78-juin-2023","status":"publish","type":"post","link":"https:\/\/foastek.fr\/?p=4602","title":{"rendered":"Newsletter FO #78 \u2013 Juin 2023"},"content":{"rendered":"\n<p>\u00ab\u00a0<em>Lors des n\u00e9gociations annuelles obligatoires qui ont eu lieu d\u00e9but 2023, <strong><mark style=\"background-color:rgba(0, 0, 0, 0)\" class=\"has-inline-color has-vivid-red-color\">FO<\/mark><\/strong> n\u2019a eu de cesse de d\u00e9fendre ses revendications sur les salaires, sur le pouvoir d\u2019achat et sur le partage des b\u00e9n\u00e9fices.<\/em><\/p>\n\n\n\n<p><em>Au regard de la tr\u00e8s bonne situation de l\u2019entreprise (situation r\u00e9guli\u00e8rement partag\u00e9e sur les r\u00e9seaux par le Pdg), <strong><mark style=\"background-color:rgba(0, 0, 0, 0)\" class=\"has-inline-color has-vivid-red-color\">FO<\/mark><\/strong> a revendiqu\u00e9 :<\/em><\/p>\n\n\n\n<ul class=\"wp-block-list\">\n<li><em>Des augmentations collectives par tranche de salaire ;<\/em><\/li>\n\n\n\n<li><em>Une prime sur les r\u00e9sultats de 500 \u20ac pour tous ;<\/em><\/li>\n\n\n\n<li><em>Une prime de pouvoir d\u2019achat de 2500 \u20ac pour les plus bas salaires \u00e0 250 \u20ac pour les plus haut ;<\/em><\/li>\n\n\n\n<li><em>Une augmentation des frais professionnels (indemnit\u00e9s repas et kilom\u00e9triques \u2026) dont le montant est bloqu\u00e9e depuis 10 ans.<\/em><\/li>\n<\/ul>\n\n\n\n<p><em>La direction a &#8230;<\/em>\u00ab\u00a0<\/p>\n\n\n\n<p>Pour lire l&rsquo;int\u00e9gralit\u00e9 de la derni\u00e8re communication syndicale <strong><em><mark style=\"background-color:rgba(0, 0, 0, 0)\" class=\"has-inline-color has-vivid-red-color\">FO<\/mark><\/em><\/strong>, cliquez <a href=\"http:\/\/foastek.fr\/wp-content\/uploads\/2023\/06\/Tract-FO-78-Newsletter-Juin-2023.pdf\" target=\"_blank\" rel=\"noreferrer noopener\">ICI<\/a>.<\/p>\n","protected":false},"excerpt":{"rendered":"<div class=\"mh-excerpt\"><p>\u00ab\u00a0Lors des n\u00e9gociations annuelles obligatoires qui ont eu lieu d\u00e9but 2023, FO n\u2019a eu de cesse de d\u00e9fendre ses revendications sur les salaires, sur le <a class=\"mh-excerpt-more\" href=\"https:\/\/foastek.fr\/?p=4602\" title=\"Newsletter FO #78 \u2013 Juin 2023\">[&#8230;]<\/a><\/p>\n<\/div>","protected":false},"author":1,"featured_media":4511,"comment_status":"open","ping_status":"open","sticky":false,"template":"","format":"standard","meta":{"h5ap_radio_sources":[],"jetpack_post_was_ever_published":false,"_jetpack_newsletter_access":"","_jetpack_dont_email_post_to_subs":false,"_jetpack_newsletter_tier_id":0,"_jetpack_memberships_contains_paywalled_content":false,"_jetpack_memberships_contains_paid_content":false,"footnotes":"","jetpack_publicize_message":"","jetpack_publicize_feature_enabled":true,"jetpack_social_post_already_shared":true,"jetpack_social_options":{"image_generator_settings":{"template":"highway","default_image_id":0,"font":"","enabled":false},"version":2}},"categories":[2,256,10],"tags":[128,365,72,364],"class_list":["post-4602","post","type-post","status-publish","format-standard","has-post-thumbnail","hentry","category-accueil","category-astek","category-vos-droits","tag-accord","tag-effectif","tag-negociations","tag-partage-valeur"],"jetpack_publicize_connections":[],"jetpack_featured_media_url":"https:\/\/i0.wp.com\/foastek.fr\/wp-content\/uploads\/2023\/05\/IMG_Newsletter.png?fit=645%2C405&ssl=1","jetpack_sharing_enabled":true,"jetpack_shortlink":"https:\/\/wp.me\/p77E1E-1ce","jetpack-related-posts":[],"_links":{"self":[{"href":"https:\/\/foastek.fr\/index.php?rest_route=\/wp\/v2\/posts\/4602","targetHints":{"allow":["GET"]}}],"collection":[{"href":"https:\/\/foastek.fr\/index.php?rest_route=\/wp\/v2\/posts"}],"about":[{"href":"https:\/\/foastek.fr\/index.php?rest_route=\/wp\/v2\/types\/post"}],"author":[{"embeddable":true,"href":"https:\/\/foastek.fr\/index.php?rest_route=\/wp\/v2\/users\/1"}],"replies":[{"embeddable":true,"href":"https:\/\/foastek.fr\/index.php?rest_route=%2Fwp%2Fv2%2Fcomments&post=4602"}],"version-history":[{"count":2,"href":"https:\/\/foastek.fr\/index.php?rest_route=\/wp\/v2\/posts\/4602\/revisions"}],"predecessor-version":[{"id":4604,"href":"https:\/\/foastek.fr\/index.php?rest_route=\/wp\/v2\/posts\/4602\/revisions\/4604"}],"wp:featuredmedia":[{"embeddable":true,"href":"https:\/\/foastek.fr\/index.php?rest_route=\/wp\/v2\/media\/4511"}],"wp:attachment":[{"href":"https:\/\/foastek.fr\/index.php?rest_route=%2Fwp%2Fv2%2Fmedia&parent=4602"}],"wp:term":[{"taxonomy":"category","embeddable":true,"href":"https:\/\/foastek.fr\/index.php?rest_route=%2Fwp%2Fv2%2Fcategories&post=4602"},{"taxonomy":"post_tag","embeddable":true,"href":"https:\/\/foastek.fr\/index.php?rest_route=%2Fwp%2Fv2%2Ftags&post=4602"}],"curies":[{"name":"wp","href":"https:\/\/api.w.org\/{rel}","templated":true}]}}