{"id":4632,"date":"2023-06-29T12:16:11","date_gmt":"2023-06-29T11:16:11","guid":{"rendered":"http:\/\/foastek.fr\/?p=4632"},"modified":"2023-06-29T12:46:05","modified_gmt":"2023-06-29T11:46:05","slug":"de-fortes-contraintes-imposees-au-salarie-pendant-lastreinte-peuvent-la-transformer-en-temps-de-travail","status":"publish","type":"post","link":"https:\/\/foastek.fr\/?p=4632","title":{"rendered":"De fortes contraintes impos\u00e9es au salari\u00e9 pendant l\u2019astreinte peuvent la transformer en temps de travail"},"content":{"rendered":"\n<p><strong><span style=\"text-decoration: underline;\">Astreinte VS temps de travail<\/span><\/strong><\/p>\n\n\n\n<p>Une p\u00e9riode d\u2019astreinte est celle pendant laquelle le salari\u00e9, sans \u00eatre sur son lieu de travail et sans \u00eatre \u00e0 la disposition permanente et imm\u00e9diate de l\u2019employeur, doit \u00eatre en mesure d\u2019intervenir pour accomplir un travail au service de l\u2019entreprise (c. trav.&nbsp;<a href=\"https:\/\/rfsocial.grouperf.com\/lien_spad\/?base=LEGI&amp;orig=REVUE_RF_FH&amp;code=LEGITEXT000006072050&amp;numero=L3121-9&amp;idspad=LEGIARTI000033020484\">art. L. 3121-9<\/a>). En principe, cette p\u00e9riode n\u2019est pas un temps de travail.<\/p>\n\n\n\n<p>En revanche, les temps d\u2019intervention pendant la p\u00e9riode d\u2019astreinte (temps de trajet compris) sont du temps de travail effectif r\u00e9mun\u00e9r\u00e9 comme tel (cass. soc. 31 octobre 2007, n\u00b0&nbsp;<a href=\"https:\/\/rfsocial.grouperf.com\/lien_spad\/?base=JURI&amp;orig=REVUE_RF_FH&amp;juridiction=CASS&amp;chambre=SOC.&amp;numero=06-43834&amp;sp=\/juri\/cass\/global\/sociale\/JURI\/TEXT\/00\/00\/17\/92\/00\/JURITEXT000017920083.xml&amp;date=2007-10-31\">06-43834<\/a>, BC V n\u00b0 183).<\/p>\n\n\n\n<p>Toutefois, si hors du temps d\u2019intervention, le salari\u00e9 doit demeurer \u00e0 la disposition de l\u2019employeur et doit se conformer \u00e0 ses directives sans pouvoir vaquer librement \u00e0 des occupations personnelles, la p\u00e9riode d\u2019astreinte devient alors un temps de travail effectif (c. trav.&nbsp;<a href=\"https:\/\/rfsocial.grouperf.com\/lien_spad\/?base=LEGI&amp;orig=REVUE_RF_FH&amp;code=LEGITEXT000006072050&amp;numero=L3121-1&amp;idspad=LEGIARTI000033020517\">art. L. 3121-1<\/a>).<\/p>\n\n\n\n<p><strong><span style=\"text-decoration: underline;\">La position de la Cour de cassation<\/span><\/strong><\/p>\n\n\n\n<p>La Cour de cassation s&rsquo;est d\u00e9j\u00e0 prononc\u00e9e sur une telle situation, puisqu\u2019en octobre&nbsp;2022, elle a d\u00e9j\u00e0 \u00e9t\u00e9 saisie d\u2019une affaire sur la qualification d\u2019astreintes effectu\u00e9es par des d\u00e9panneurs autoroutiers, qui devaient \u00eatre pr\u00eats \u00e0 tout moment \u00e0 intervenir et \u00e9taient tenus de r\u00e9pondre sans d\u00e9lai aux demandes d\u2019intervention.<\/p>\n\n\n\n<p>La Cour de cassation avait alors estim\u00e9 que la p\u00e9riode d\u2019astreinte devient du temps de travail effectif lorsqu\u2019elle s\u2019accompagne de fortes contraintes, affectant objectivement et tr\u00e8s significativement la facult\u00e9 du salari\u00e9 de g\u00e9rer librement son temps et de vaquer \u00e0 des occupations personnelles. Un d\u00e9lai d\u2019intervention tr\u00e8s court peut contribuer \u00e0 caract\u00e9riser de telles contraintes (cass. soc. 26 octobre 2022, n\u00b0&nbsp;<a href=\"https:\/\/rfsocial.grouperf.com\/lien_spad\/?base=JURI&amp;orig=REVUE_RF_FH&amp;juridiction=CASS&amp;chambre=SOC.&amp;numero=21-14178&amp;sp=\/juri\/cass\/global\/sociale\/JURI\/TEXT\/00\/00\/46\/51\/03\/JURITEXT000046510365.xml&amp;date=2022-10-26\">21-14178<\/a>&nbsp;FSBR ; voir notre actu du 27\/10\/2022, \u00ab&nbsp;La n\u00e9cessit\u00e9 d&rsquo;intervenir tr\u00e8s rapidement peut transformer l&rsquo;astreinte en temps de travail effectif&nbsp;\u00bb).<\/p>\n\n\n\n<p>Dans l\u2019arr\u00eat du 21&nbsp;juin 2023, la Cour de cassation applique la m\u00eame solution.<\/p>\n\n\n\n<p>Elle reproche aux juges d\u2019appel d\u2019avoir \u00e9cart\u00e9 l\u2019argument invoqu\u00e9 par le salari\u00e9 concernant le court d\u00e9lai d\u2019intervention qui lui \u00e9tait imparti pour se rendre sur place en vue de d\u00e9panner l\u2019usager.<\/p>\n\n\n\n<p>Elle estime ensuite que les juges du fond auraient d\u00fb v\u00e9rifier \u00ab&nbsp;si le salari\u00e9 avait \u00e9t\u00e9 soumis, au cours de ses p\u00e9riodes d&rsquo;astreinte, \u00e0 des contraintes d&rsquo;une intensit\u00e9 telle qu&rsquo;elles avaient affect\u00e9, objectivement et tr\u00e8s significativement, sa facult\u00e9 de g\u00e9rer librement, au cours de ces p\u00e9riodes, le temps pendant lequel ses services professionnels n&rsquo;\u00e9taient pas sollicit\u00e9s et de vaquer \u00e0 des occupations personnelles&nbsp;\u00bb.<\/p>\n\n\n\n<p>L\u2019affaire sera rejug\u00e9e devant une autre cour d\u2019appel qui devra proc\u00e9der \u00e0 cette analyse.<\/p>\n\n\n\n<p>Cass. soc. 21 juin 2023, n\u00b0<a href=\"https:\/\/rfsocial.grouperf.com\/lien_spad\/?base=JURI&amp;orig=REVUE_RF_FH&amp;juridiction=CASS&amp;chambre=SOC.&amp;numero=20-21843&amp;sp=\/juri\/inca\/global\/sociale\/JURI\/TEXT\/00\/00\/47\/73\/81\/JURITEXT000047738102.xml&amp;date=2023-06-21\">20-21843<\/a>&nbsp;D<\/p>\n","protected":false},"excerpt":{"rendered":"<div class=\"mh-excerpt\"><p>Astreinte VS temps de travail Une p\u00e9riode d\u2019astreinte est celle pendant laquelle le salari\u00e9, sans \u00eatre sur son lieu de travail et sans \u00eatre \u00e0 <a class=\"mh-excerpt-more\" href=\"https:\/\/foastek.fr\/?p=4632\" title=\"De fortes contraintes impos\u00e9es au salari\u00e9 pendant l\u2019astreinte peuvent la transformer en temps de travail\">[&#8230;]<\/a><\/p>\n<\/div>","protected":false},"author":1,"featured_media":4350,"comment_status":"open","ping_status":"open","sticky":false,"template":"","format":"standard","meta":{"h5ap_radio_sources":[],"jetpack_post_was_ever_published":false,"_jetpack_newsletter_access":"","_jetpack_dont_email_post_to_subs":false,"_jetpack_newsletter_tier_id":0,"_jetpack_memberships_contains_paywalled_content":false,"_jetpack_memberships_contains_paid_content":false,"footnotes":"","jetpack_publicize_message":"","jetpack_publicize_feature_enabled":true,"jetpack_social_post_already_shared":true,"jetpack_social_options":{"image_generator_settings":{"template":"highway","default_image_id":0,"font":"","enabled":false},"version":2}},"categories":[2,10],"tags":[367,170,149,222],"class_list":["post-4632","post","type-post","status-publish","format-standard","has-post-thumbnail","hentry","category-accueil","category-vos-droits","tag-astreinte","tag-cassation","tag-justice","tag-temps-de-travail"],"jetpack_publicize_connections":[],"jetpack_featured_media_url":"https:\/\/i0.wp.com\/foastek.fr\/wp-content\/uploads\/2023\/04\/palais_justice.jpg?fit=805%2C453&ssl=1","jetpack_sharing_enabled":true,"jetpack_shortlink":"https:\/\/wp.me\/p77E1E-1cI","jetpack-related-posts":[],"_links":{"self":[{"href":"https:\/\/foastek.fr\/index.php?rest_route=\/wp\/v2\/posts\/4632","targetHints":{"allow":["GET"]}}],"collection":[{"href":"https:\/\/foastek.fr\/index.php?rest_route=\/wp\/v2\/posts"}],"about":[{"href":"https:\/\/foastek.fr\/index.php?rest_route=\/wp\/v2\/types\/post"}],"author":[{"embeddable":true,"href":"https:\/\/foastek.fr\/index.php?rest_route=\/wp\/v2\/users\/1"}],"replies":[{"embeddable":true,"href":"https:\/\/foastek.fr\/index.php?rest_route=%2Fwp%2Fv2%2Fcomments&post=4632"}],"version-history":[{"count":1,"href":"https:\/\/foastek.fr\/index.php?rest_route=\/wp\/v2\/posts\/4632\/revisions"}],"predecessor-version":[{"id":4633,"href":"https:\/\/foastek.fr\/index.php?rest_route=\/wp\/v2\/posts\/4632\/revisions\/4633"}],"wp:featuredmedia":[{"embeddable":true,"href":"https:\/\/foastek.fr\/index.php?rest_route=\/wp\/v2\/media\/4350"}],"wp:attachment":[{"href":"https:\/\/foastek.fr\/index.php?rest_route=%2Fwp%2Fv2%2Fmedia&parent=4632"}],"wp:term":[{"taxonomy":"category","embeddable":true,"href":"https:\/\/foastek.fr\/index.php?rest_route=%2Fwp%2Fv2%2Fcategories&post=4632"},{"taxonomy":"post_tag","embeddable":true,"href":"https:\/\/foastek.fr\/index.php?rest_route=%2Fwp%2Fv2%2Ftags&post=4632"}],"curies":[{"name":"wp","href":"https:\/\/api.w.org\/{rel}","templated":true}]}}