{"id":4637,"date":"2023-07-07T07:16:00","date_gmt":"2023-07-07T06:16:00","guid":{"rendered":"http:\/\/foastek.fr\/?p=4637"},"modified":"2023-07-03T18:47:15","modified_gmt":"2023-07-03T17:47:15","slug":"la-reconnaissance-de-laccident-de-travail-lors-du-teletravail-se-joue-a-quelques-metres-ou-minutes-pres","status":"publish","type":"post","link":"https:\/\/foastek.fr\/?p=4637","title":{"rendered":"La reconnaissance de l&rsquo;accident de travail lors du t\u00e9l\u00e9travail se joue \u00e0 quelques m\u00e8tres ou minutes pr\u00e8s"},"content":{"rendered":"\n<p>Est consid\u00e9r\u00e9 comme accident du travail, quelle qu&rsquo;en soit la cause, l&rsquo;accident survenu <strong>par le fait ou \u00e0 l&rsquo;occasion du travail<\/strong> \u00e0 toute personne salari\u00e9e ou travaillant, \u00e0 quelque titre ou en quelque lieu que ce soit, pour un ou plusieurs employeurs ou chefs d&rsquo;entreprise (c. s\u00e9c. soc. <a href=\"https:\/\/rfsocial.grouperf.com\/lien_spad\/?base=LEGI&amp;orig=REVUE_RF_FH&amp;code=LEGITEXT000006073189&amp;numero=L411-1&amp;idspad=LEGIARTI000047452603\" rel=\"noreferrer noopener\" target=\"_blank\">art. L. 411-1<\/a>).<\/p>\n\n\n\n<p>Le code du travail d\u00e9cline ce principe au <strong>salari\u00e9 en situation de t\u00e9l\u00e9travail<\/strong>&nbsp;: <em>\u00ab&nbsp;l&rsquo;accident survenu sur le lieu o\u00f9 est exerc\u00e9 le t\u00e9l\u00e9travail pendant l&rsquo;exercice de l&rsquo;activit\u00e9 professionnelle du t\u00e9l\u00e9travailleur est pr\u00e9sum\u00e9 \u00eatre un accident de travail au sens de l&rsquo;article L.411-1 du code de la s\u00e9curit\u00e9 sociale&nbsp;\u00bb<\/em> (c. trav. <a href=\"https:\/\/rfsocial.grouperf.com\/lien_spad\/?base=LEGI&amp;orig=REVUE_RF_FH&amp;code=LEGITEXT000006072050&amp;numero=L1222-9&amp;idspad=LEGIARTI000044605366\" rel=\"noreferrer noopener\" target=\"_blank\">art. L. 1222-9<\/a>).<\/p>\n\n\n\n<p>Le salari\u00e9 en situation de t\u00e9l\u00e9travail b\u00e9n\u00e9ficie donc de la <strong>m\u00eame pr\u00e9somption d\u2019imputabilit\u00e9<\/strong> que lorsqu\u2019il exerce depuis les locaux de son employeur.<\/p>\n\n\n\n<p><\/p>\n\n\n\n<p><strong><u>Deux d\u00e9cisions de cours d\u2019appel viennent \u00e9clairer l\u2019application aux salari\u00e9s en situation de t\u00e9l\u00e9travail<\/u><\/strong><\/p>\n\n\n\n<ul class=\"wp-block-list\">\n<li>Arr\u00eat par la cour d\u2019appel d\u2019Amiens (CA Amiens, 15&nbsp;juin 2023, <a href=\"https:\/\/www.courdecassation.fr\/decision\/648bfe615bba4e05dbabc0ef\" rel=\"noreferrer noopener\" target=\"_blank\">n\u00ba 22\/00474<\/a>).<\/li>\n<\/ul>\n\n\n\n<p>L\u2019affaire concernait une salari\u00e9e en t\u00e9l\u00e9travail sur un <strong>horaire courant, le jour de l\u2019accident, de 7 h 30 \u00e0 12 h 22 et de 12 h 53 \u00e0 16 h 01<\/strong>. En remontant de son bureau am\u00e9nag\u00e9 dans son sous-sol, la salari\u00e9e est <strong>tomb\u00e9e dans l\u2019escalier<\/strong> et s\u2019est fractur\u00e9e le coude droit <strong>\u00e0 16 h 02<\/strong>.<\/p>\n\n\n\n<p>Elle a d\u00e9clar\u00e9 l\u2019accident le jour m\u00eame \u00e0 son employeur, \u00e0 17 h 33.<\/p>\n\n\n\n<p>Pour la cour d\u2019appel, la chute accidentelle a eu lieu alors que <strong>la salari\u00e9e avait termin\u00e9 sa journ\u00e9e de t\u00e9l\u00e9travail (apr\u00e8s son pointage)<\/strong>. La salari\u00e9e n\u2019\u00e9tait donc pas au temps du travail. La pr\u00e9somption d&rsquo;imputabilit\u00e9 de l&rsquo;accident au travail ne pouvait donc pas s&rsquo;appliquer.<\/p>\n\n\n\n<ul class=\"wp-block-list\">\n<li>Arr\u00eat rendu par la cour d\u2019appel de Saint-Denis de la R\u00e9union (CA Saint Denis, 4&nbsp;mai 2023, n\u00ba <a href=\"https:\/\/www.courdecassation.fr\/decision\/645c89649925b3d0f8f8f6a5\" rel=\"noreferrer noopener\" target=\"_blank\">22\/00884<\/a>).<\/li>\n<\/ul>\n\n\n\n<p>Cette fois, il s\u2019agissait d\u2019un salari\u00e9 en t\u00e9l\u00e9travail qui est <strong>sorti sur la voie publique en raison d\u2019une panne de connexion internet<\/strong> pour discuter avec le chauffeur du camion qui venait de heurter le poteau t\u00e9l\u00e9phonique supportant sa ligne fournissant internet. Un second v\u00e9hicule a de nouveau tir\u00e9 sur les c\u00e2bles distendus, <strong>faisant tomber le poteau qui a touch\u00e9 le salari\u00e9<\/strong> dans sa chute.<\/p>\n\n\n\n<p>La <strong>pr\u00e9somption d\u2019imputabilit\u00e9 est \u00e9cart\u00e9e au motif que le salari\u00e9 \u00e9tait sur la voie publique<\/strong>. Il avait quitt\u00e9 son domicile, il <strong>n\u2019\u00e9tait donc pas au lieu du travail<\/strong>. L\u00e0 encore, le salari\u00e9 a \u00e9chou\u00e9 \u00e0 \u00e9tablir un lien avec son activit\u00e9 professionnelle.<\/p>\n\n\n\n<p>En effet, pour la cour, en sortant de son domicile, le salari\u00e9 <strong>a cess\u00e9 sa mission pour un motif personnel<\/strong>. Aucune obligation ne lui ayant \u00e9t\u00e9 faite par son employeur de trouver l&rsquo;origine de la panne ou de renseigner utilement l&rsquo;op\u00e9rateur t\u00e9l\u00e9phonique.<\/p>\n\n\n\n<p>Le salari\u00e9 ne se trouvait donc ni sur son lieu de travail, ni sous l&rsquo;aire d&rsquo;autorit\u00e9 de son employeur d\u00e8s lors qu&rsquo;il ne relevait pas de ses missions contractuelles d&rsquo;identifier l&rsquo;origine de la panne informatique. L\u2019accident du travail n\u2019est pas reconnu.<\/p>\n","protected":false},"excerpt":{"rendered":"<div class=\"mh-excerpt\"><p>Est consid\u00e9r\u00e9 comme accident du travail, quelle qu&rsquo;en soit la cause, l&rsquo;accident survenu par le fait ou \u00e0 l&rsquo;occasion du travail \u00e0 toute personne salari\u00e9e <a class=\"mh-excerpt-more\" href=\"https:\/\/foastek.fr\/?p=4637\" title=\"La reconnaissance de l&rsquo;accident de travail lors du t\u00e9l\u00e9travail se joue \u00e0 quelques m\u00e8tres ou minutes pr\u00e8s\">[&#8230;]<\/a><\/p>\n<\/div>","protected":false},"author":1,"featured_media":4350,"comment_status":"open","ping_status":"open","sticky":false,"template":"","format":"standard","meta":{"h5ap_radio_sources":[],"jetpack_post_was_ever_published":false,"_jetpack_newsletter_access":"","_jetpack_dont_email_post_to_subs":false,"_jetpack_newsletter_tier_id":0,"_jetpack_memberships_contains_paywalled_content":false,"_jetpack_memberships_contains_paid_content":false,"footnotes":"","jetpack_publicize_message":"","jetpack_publicize_feature_enabled":true,"jetpack_social_post_already_shared":true,"jetpack_social_options":{"image_generator_settings":{"template":"highway","default_image_id":0,"font":"","enabled":false},"version":2}},"categories":[2,160,10],"tags":[234,149],"class_list":["post-4637","post","type-post","status-publish","format-standard","has-post-thumbnail","hentry","category-accueil","category-sante","category-vos-droits","tag-accident-du-travail","tag-justice"],"jetpack_publicize_connections":[],"jetpack_featured_media_url":"https:\/\/i0.wp.com\/foastek.fr\/wp-content\/uploads\/2023\/04\/palais_justice.jpg?fit=805%2C453&ssl=1","jetpack_sharing_enabled":true,"jetpack_shortlink":"https:\/\/wp.me\/p77E1E-1cN","jetpack-related-posts":[],"_links":{"self":[{"href":"https:\/\/foastek.fr\/index.php?rest_route=\/wp\/v2\/posts\/4637","targetHints":{"allow":["GET"]}}],"collection":[{"href":"https:\/\/foastek.fr\/index.php?rest_route=\/wp\/v2\/posts"}],"about":[{"href":"https:\/\/foastek.fr\/index.php?rest_route=\/wp\/v2\/types\/post"}],"author":[{"embeddable":true,"href":"https:\/\/foastek.fr\/index.php?rest_route=\/wp\/v2\/users\/1"}],"replies":[{"embeddable":true,"href":"https:\/\/foastek.fr\/index.php?rest_route=%2Fwp%2Fv2%2Fcomments&post=4637"}],"version-history":[{"count":1,"href":"https:\/\/foastek.fr\/index.php?rest_route=\/wp\/v2\/posts\/4637\/revisions"}],"predecessor-version":[{"id":4639,"href":"https:\/\/foastek.fr\/index.php?rest_route=\/wp\/v2\/posts\/4637\/revisions\/4639"}],"wp:featuredmedia":[{"embeddable":true,"href":"https:\/\/foastek.fr\/index.php?rest_route=\/wp\/v2\/media\/4350"}],"wp:attachment":[{"href":"https:\/\/foastek.fr\/index.php?rest_route=%2Fwp%2Fv2%2Fmedia&parent=4637"}],"wp:term":[{"taxonomy":"category","embeddable":true,"href":"https:\/\/foastek.fr\/index.php?rest_route=%2Fwp%2Fv2%2Fcategories&post=4637"},{"taxonomy":"post_tag","embeddable":true,"href":"https:\/\/foastek.fr\/index.php?rest_route=%2Fwp%2Fv2%2Ftags&post=4637"}],"curies":[{"name":"wp","href":"https:\/\/api.w.org\/{rel}","templated":true}]}}