{"id":4660,"date":"2023-07-10T07:48:00","date_gmt":"2023-07-10T06:48:00","guid":{"rendered":"http:\/\/foastek.fr\/?p=4660"},"modified":"2023-07-07T16:53:14","modified_gmt":"2023-07-07T15:53:14","slug":"inaptitude-lemployeur-doit-verifier-la-compatibilite-du-poste-de-reclassement-avec-les-preconisations-du-medecin-du-travail","status":"publish","type":"post","link":"https:\/\/foastek.fr\/?p=4660","title":{"rendered":"Inaptitude : L\u2019employeur doit v\u00e9rifier la compatibilit\u00e9 du poste de reclassement avec les pr\u00e9conisations du m\u00e9decin du travail"},"content":{"rendered":"\n<p>Le m\u00e9decin du travail a d\u00e9clar\u00e9 inapte un salari\u00e9.<\/p>\n\n\n\n<p>L\u2019employeur lui a propos\u00e9 un reclassement sur un poste que le salari\u00e9 a refus\u00e9.<\/p>\n\n\n\n<p>L\u2019employeur a d\u00e9cid\u00e9 de licencier le salari\u00e9.<\/p>\n\n\n\n<p>Le salari\u00e9 saisit la juridiction prud&rsquo;homale pour contester son licenciement et obtenir le paiement d\u2019indemnit\u00e9s.<\/p>\n\n\n\n<p><strong>La cour d\u2019appel de Rouen <\/strong>(16 septembre 2021, n\u00b0 19\/00764)<strong> a jug\u00e9 le licenciement d\u00e9pourvu de cause r\u00e9elle et s\u00e9rieuse et a relev\u00e9 que l&#8217;employeur n&rsquo;a pas pris en compte le motif du refus du salari\u00e9 et ne s&rsquo;est pas assur\u00e9 aupr\u00e8s du m\u00e9decin du travail de la compatibilit\u00e9 de ce poste avec l&rsquo;\u00e9tat de sant\u00e9 du salari\u00e9 ou des possibilit\u00e9s d&rsquo;am\u00e9nagements qui auraient pu lui \u00eatre apport\u00e9es.<\/strong><\/p>\n\n\n\n<p>Les juges ont d\u00e9duit que l&#8217;employeur n&rsquo;a pas satisfait \u00e0 son obligation de reclassement de mani\u00e8re s\u00e9rieuse et loyale.<\/p>\n\n\n\n<p>L\u2019employeur s\u2019est pourvu en cassation.<\/p>\n\n\n\n<p><strong>La Cour de cassation a confirm\u00e9 la d\u00e9cision de la cour d\u2019appel.<\/strong><\/p>\n\n\n\n<p>Cass. soc., 21 juin 2023, n\u00b0 21-24.279<\/p>\n","protected":false},"excerpt":{"rendered":"<div class=\"mh-excerpt\"><p>Le m\u00e9decin du travail a d\u00e9clar\u00e9 inapte un salari\u00e9. L\u2019employeur lui a propos\u00e9 un reclassement sur un poste que le salari\u00e9 a refus\u00e9. L\u2019employeur a <a class=\"mh-excerpt-more\" href=\"https:\/\/foastek.fr\/?p=4660\" title=\"Inaptitude : L\u2019employeur doit v\u00e9rifier la compatibilit\u00e9 du poste de reclassement avec les pr\u00e9conisations du m\u00e9decin du travail\">[&#8230;]<\/a><\/p>\n<\/div>","protected":false},"author":1,"featured_media":4350,"comment_status":"open","ping_status":"open","sticky":false,"template":"","format":"standard","meta":{"h5ap_radio_sources":[],"jetpack_post_was_ever_published":false,"_jetpack_newsletter_access":"","_jetpack_dont_email_post_to_subs":false,"_jetpack_newsletter_tier_id":0,"_jetpack_memberships_contains_paywalled_content":false,"_jetpack_memberships_contains_paid_content":false,"footnotes":"","jetpack_publicize_message":"","jetpack_publicize_feature_enabled":true,"jetpack_social_post_already_shared":true,"jetpack_social_options":{"image_generator_settings":{"template":"highway","default_image_id":0,"font":"","enabled":false},"version":2}},"categories":[2,160,10],"tags":[315,243,22],"class_list":["post-4660","post","type-post","status-publish","format-standard","has-post-thumbnail","hentry","category-accueil","category-sante","category-vos-droits","tag-cour-cassation","tag-inaptitude","tag-licenciement"],"jetpack_publicize_connections":[],"jetpack_featured_media_url":"https:\/\/i0.wp.com\/foastek.fr\/wp-content\/uploads\/2023\/04\/palais_justice.jpg?fit=805%2C453&ssl=1","jetpack_sharing_enabled":true,"jetpack_shortlink":"https:\/\/wp.me\/p77E1E-1da","jetpack-related-posts":[],"_links":{"self":[{"href":"https:\/\/foastek.fr\/index.php?rest_route=\/wp\/v2\/posts\/4660","targetHints":{"allow":["GET"]}}],"collection":[{"href":"https:\/\/foastek.fr\/index.php?rest_route=\/wp\/v2\/posts"}],"about":[{"href":"https:\/\/foastek.fr\/index.php?rest_route=\/wp\/v2\/types\/post"}],"author":[{"embeddable":true,"href":"https:\/\/foastek.fr\/index.php?rest_route=\/wp\/v2\/users\/1"}],"replies":[{"embeddable":true,"href":"https:\/\/foastek.fr\/index.php?rest_route=%2Fwp%2Fv2%2Fcomments&post=4660"}],"version-history":[{"count":1,"href":"https:\/\/foastek.fr\/index.php?rest_route=\/wp\/v2\/posts\/4660\/revisions"}],"predecessor-version":[{"id":4661,"href":"https:\/\/foastek.fr\/index.php?rest_route=\/wp\/v2\/posts\/4660\/revisions\/4661"}],"wp:featuredmedia":[{"embeddable":true,"href":"https:\/\/foastek.fr\/index.php?rest_route=\/wp\/v2\/media\/4350"}],"wp:attachment":[{"href":"https:\/\/foastek.fr\/index.php?rest_route=%2Fwp%2Fv2%2Fmedia&parent=4660"}],"wp:term":[{"taxonomy":"category","embeddable":true,"href":"https:\/\/foastek.fr\/index.php?rest_route=%2Fwp%2Fv2%2Fcategories&post=4660"},{"taxonomy":"post_tag","embeddable":true,"href":"https:\/\/foastek.fr\/index.php?rest_route=%2Fwp%2Fv2%2Ftags&post=4660"}],"curies":[{"name":"wp","href":"https:\/\/api.w.org\/{rel}","templated":true}]}}