{"id":4674,"date":"2023-07-18T07:20:00","date_gmt":"2023-07-18T06:20:00","guid":{"rendered":"http:\/\/foastek.fr\/?p=4674"},"modified":"2023-07-17T14:22:13","modified_gmt":"2023-07-17T13:22:13","slug":"astek-signature-de-laccord-sur-le-vote-electronique","status":"publish","type":"post","link":"https:\/\/foastek.fr\/?p=4674","title":{"rendered":"ASTEK : Signature de l\u2019accord sur le vote \u00e9lectronique"},"content":{"rendered":"\n<p>Apr\u00e8s plusieurs semaines de n\u00e9gociations, la direction et les organisations syndicales (sous l&rsquo;impulsion de <strong><em><mark style=\"background-color:rgba(0, 0, 0, 0)\" class=\"has-inline-color has-vivid-red-color\">FO<\/mark><\/em><\/strong>) se sont mis d&rsquo;accord sur les modalit\u00e9s du vote \u00e9lectronique lors des \u00e9lections des repr\u00e9sentantes et repr\u00e9sentants du personnel.<\/p>\n\n\n\n<p>Vous pouvez consulter le texte de l&rsquo;accord <a href=\"http:\/\/foastek.fr\/wp-content\/uploads\/2023\/07\/20230621_Accord_Vote_Electronique_Anonymise.pdf\">ici<\/a>.<\/p>\n","protected":false},"excerpt":{"rendered":"<div class=\"mh-excerpt\"><p>Apr\u00e8s plusieurs semaines de n\u00e9gociations, la direction et les organisations syndicales (sous l&rsquo;impulsion de FO) se sont mis d&rsquo;accord sur les modalit\u00e9s du vote \u00e9lectronique <a class=\"mh-excerpt-more\" href=\"https:\/\/foastek.fr\/?p=4674\" title=\"ASTEK : Signature de l\u2019accord sur le vote \u00e9lectronique\">[&#8230;]<\/a><\/p>\n<\/div>","protected":false},"author":1,"featured_media":4667,"comment_status":"open","ping_status":"open","sticky":false,"template":"","format":"standard","meta":{"h5ap_radio_sources":[],"jetpack_post_was_ever_published":false,"_jetpack_newsletter_access":"","_jetpack_dont_email_post_to_subs":false,"_jetpack_newsletter_tier_id":0,"_jetpack_memberships_contains_paywalled_content":false,"_jetpack_memberships_contains_paid_content":false,"footnotes":"","jetpack_publicize_message":"","jetpack_publicize_feature_enabled":true,"jetpack_social_post_already_shared":true,"jetpack_social_options":{"image_generator_settings":{"template":"highway","default_image_id":0,"font":"","enabled":false},"version":2}},"categories":[2,256,10],"tags":[33,374],"class_list":["post-4674","post","type-post","status-publish","format-standard","has-post-thumbnail","hentry","category-accueil","category-astek","category-vos-droits","tag-elections-professionnelles","tag-vote"],"jetpack_publicize_connections":[],"jetpack_featured_media_url":"https:\/\/i0.wp.com\/foastek.fr\/wp-content\/uploads\/2023\/07\/1685545859680.jpg?fit=434%2C290&ssl=1","jetpack_sharing_enabled":true,"jetpack_shortlink":"https:\/\/wp.me\/p77E1E-1do","jetpack-related-posts":[],"_links":{"self":[{"href":"https:\/\/foastek.fr\/index.php?rest_route=\/wp\/v2\/posts\/4674","targetHints":{"allow":["GET"]}}],"collection":[{"href":"https:\/\/foastek.fr\/index.php?rest_route=\/wp\/v2\/posts"}],"about":[{"href":"https:\/\/foastek.fr\/index.php?rest_route=\/wp\/v2\/types\/post"}],"author":[{"embeddable":true,"href":"https:\/\/foastek.fr\/index.php?rest_route=\/wp\/v2\/users\/1"}],"replies":[{"embeddable":true,"href":"https:\/\/foastek.fr\/index.php?rest_route=%2Fwp%2Fv2%2Fcomments&post=4674"}],"version-history":[{"count":1,"href":"https:\/\/foastek.fr\/index.php?rest_route=\/wp\/v2\/posts\/4674\/revisions"}],"predecessor-version":[{"id":4675,"href":"https:\/\/foastek.fr\/index.php?rest_route=\/wp\/v2\/posts\/4674\/revisions\/4675"}],"wp:featuredmedia":[{"embeddable":true,"href":"https:\/\/foastek.fr\/index.php?rest_route=\/wp\/v2\/media\/4667"}],"wp:attachment":[{"href":"https:\/\/foastek.fr\/index.php?rest_route=%2Fwp%2Fv2%2Fmedia&parent=4674"}],"wp:term":[{"taxonomy":"category","embeddable":true,"href":"https:\/\/foastek.fr\/index.php?rest_route=%2Fwp%2Fv2%2Fcategories&post=4674"},{"taxonomy":"post_tag","embeddable":true,"href":"https:\/\/foastek.fr\/index.php?rest_route=%2Fwp%2Fv2%2Ftags&post=4674"}],"curies":[{"name":"wp","href":"https:\/\/api.w.org\/{rel}","templated":true}]}}