{"id":4774,"date":"2023-09-21T17:38:37","date_gmt":"2023-09-21T16:38:37","guid":{"rendered":"http:\/\/foastek.fr\/?p=4774"},"modified":"2023-10-12T17:42:21","modified_gmt":"2023-10-12T16:42:21","slug":"temps-partiel-therapeutique-et-calcul-de-la-participation","status":"publish","type":"post","link":"https:\/\/foastek.fr\/?p=4774","title":{"rendered":"Temps partiel th\u00e9rapeutique et calcul de la participation"},"content":{"rendered":"\n<p>La p\u00e9riode pendant laquelle le salari\u00e9 a travaill\u00e9, en raison de son \u00e9tat de sant\u00e9, en mi-temps th\u00e9rapeutique doit \u00eatre assimil\u00e9e \u00e0 une p\u00e9riode de pr\u00e9sence dans l&rsquo;entreprise au regard de la participation. Ainsi, le salaire \u00e0 prendre en compte pour le calcul de l\u2019assiette de la participation due \u00e0 ce salari\u00e9 est le salaire per\u00e7u avant le mi-temps th\u00e9rapeutique et l\u2019arr\u00eat de travail pour maladie l\u2019ayant, le cas \u00e9ch\u00e9ant, pr\u00e9c\u00e9d\u00e9. En d\u00e9cider autrement est une discrimination en raison de l\u2019\u00e9tat de sant\u00e9 du salari\u00e9.<\/p>\n\n\n\n<p>Cass. soc. 20 septembre 2023, n\u00b0 22-12293 FSB<\/p>\n","protected":false},"excerpt":{"rendered":"<div class=\"mh-excerpt\"><p>La p\u00e9riode pendant laquelle le salari\u00e9 a travaill\u00e9, en raison de son \u00e9tat de sant\u00e9, en mi-temps th\u00e9rapeutique doit \u00eatre assimil\u00e9e \u00e0 une p\u00e9riode de <a class=\"mh-excerpt-more\" href=\"https:\/\/foastek.fr\/?p=4774\" title=\"Temps partiel th\u00e9rapeutique et calcul de la participation\">[&#8230;]<\/a><\/p>\n<\/div>","protected":false},"author":1,"featured_media":4775,"comment_status":"open","ping_status":"open","sticky":false,"template":"","format":"standard","meta":{"h5ap_radio_sources":[],"jetpack_post_was_ever_published":false,"_jetpack_newsletter_access":"","_jetpack_dont_email_post_to_subs":false,"_jetpack_newsletter_tier_id":0,"_jetpack_memberships_contains_paywalled_content":false,"_jetpack_memberships_contains_paid_content":false,"footnotes":"","jetpack_publicize_message":"","jetpack_publicize_feature_enabled":true,"jetpack_social_post_already_shared":true,"jetpack_social_options":{"image_generator_settings":{"template":"highway","default_image_id":0,"font":"","enabled":false},"version":2}},"categories":[2,240,10],"tags":[158,382],"class_list":["post-4774","post","type-post","status-publish","format-standard","has-post-thumbnail","hentry","category-accueil","category-actualite","category-vos-droits","tag-participation","tag-temps-partiel-therapeutique"],"jetpack_publicize_connections":[],"jetpack_featured_media_url":"https:\/\/i0.wp.com\/foastek.fr\/wp-content\/uploads\/2023\/10\/participation.jpg?fit=600%2C600&ssl=1","jetpack_sharing_enabled":true,"jetpack_shortlink":"https:\/\/wp.me\/p77E1E-1f0","jetpack-related-posts":[],"_links":{"self":[{"href":"https:\/\/foastek.fr\/index.php?rest_route=\/wp\/v2\/posts\/4774","targetHints":{"allow":["GET"]}}],"collection":[{"href":"https:\/\/foastek.fr\/index.php?rest_route=\/wp\/v2\/posts"}],"about":[{"href":"https:\/\/foastek.fr\/index.php?rest_route=\/wp\/v2\/types\/post"}],"author":[{"embeddable":true,"href":"https:\/\/foastek.fr\/index.php?rest_route=\/wp\/v2\/users\/1"}],"replies":[{"embeddable":true,"href":"https:\/\/foastek.fr\/index.php?rest_route=%2Fwp%2Fv2%2Fcomments&post=4774"}],"version-history":[{"count":1,"href":"https:\/\/foastek.fr\/index.php?rest_route=\/wp\/v2\/posts\/4774\/revisions"}],"predecessor-version":[{"id":4776,"href":"https:\/\/foastek.fr\/index.php?rest_route=\/wp\/v2\/posts\/4774\/revisions\/4776"}],"wp:featuredmedia":[{"embeddable":true,"href":"https:\/\/foastek.fr\/index.php?rest_route=\/wp\/v2\/media\/4775"}],"wp:attachment":[{"href":"https:\/\/foastek.fr\/index.php?rest_route=%2Fwp%2Fv2%2Fmedia&parent=4774"}],"wp:term":[{"taxonomy":"category","embeddable":true,"href":"https:\/\/foastek.fr\/index.php?rest_route=%2Fwp%2Fv2%2Fcategories&post=4774"},{"taxonomy":"post_tag","embeddable":true,"href":"https:\/\/foastek.fr\/index.php?rest_route=%2Fwp%2Fv2%2Ftags&post=4774"}],"curies":[{"name":"wp","href":"https:\/\/api.w.org\/{rel}","templated":true}]}}