{"id":4885,"date":"2023-12-06T09:35:11","date_gmt":"2023-12-06T08:35:11","guid":{"rendered":"http:\/\/foastek.fr\/?p=4885"},"modified":"2023-12-08T09:36:22","modified_gmt":"2023-12-08T08:36:22","slug":"journee-internationale-des-droits-des-personnes-handicapees-2024-fo-sengage","status":"publish","type":"post","link":"https:\/\/foastek.fr\/?p=4885","title":{"rendered":"Journ\u00e9e internationale des droits des personnes handicap\u00e9es 2024 : FO s\u2019engage !"},"content":{"rendered":"\n<p>La journ\u00e9e internationale des droits des personnes handicap\u00e9es, s\u2019est tenue le 3 d\u00e9cembre. Cette journ\u00e9e a \u00e9t\u00e9 l\u2019occasion de faire le point sur les initiatives syndicales en faveur des droits et des int\u00e9r\u00eats des travailleurs handicap\u00e9s et de mettre en lumi\u00e8re les discriminations sur les lieux de travail ou encore dans l\u2019emploi. En France, le handicap reste le premier objet de saisine du D\u00e9fenseur des droits.<br><br>La Conf\u00e9d\u00e9ration Syndicale Internationale (CSI) alerte sur les conclusions pr\u00e9liminaires du prochain rapport des Nations-Unies sur le handicap et le d\u00e9veloppement qui indiquent que le monde est de moins en moins en mesure de pouvoir r\u00e9aliser les objectifs de d\u00e9veloppement durable pour les personnes handicap\u00e9es. La CSI appelle les gouvernements du monde entier \u00e0 redoubler d\u2019efforts pour r\u00e9aliser les engagements pris dans le cadre de la Convention des Nations-Unies relative aux droits des personnes handicap\u00e9es.<br><br>La Conf\u00e9d\u00e9ration Force Ouvri\u00e8re et l\u2019ensemble de ses structures continuent de s\u2019engager au quotidien en faveur des travailleurs handicap\u00e9s. Le 7 novembre dernier, le r\u00e9seau FO Handicap s\u2019est r\u00e9uni pour lancer un nouveau guide pratique \u00e0 l\u2019attention des militants et responsables syndicaux. La conf\u00e9d\u00e9ration a de nouveau pris part \u00e0 la journ\u00e9e des DuoDays le 23 novembre.<br><br>Enfin, Force Ouvri\u00e8re a coorganis\u00e9 un s\u00e9minaire de travail dans le cadre du projet de la Conf\u00e9d\u00e9ration Europ\u00e9enne des Syndicats intitul\u00e9 \u00ab Les syndicats contre les discriminations \u00bb sur la th\u00e9matique du handicap le 30 novembre et le 1er d\u00e9cembre pour rappeler le r\u00f4le central de la n\u00e9gociation collective et du dialogue social pour lutter contre les discriminations auxquelles font trop souvent face les travailleurs handicap\u00e9s dans l\u2019emploi et sur les lieux de travail.<br><br>Anne BALTAZAR, <a href=\"mailto:abaltazar@force-ouvriere.fr\">abaltazar@force-ouvriere.fr<\/a><br>Conseill\u00e8re conf\u00e9d\u00e9rale charg\u00e9e du Handicap<br><br>Branislav RUGANI, <a href=\"mailto:brugani@force-ouvriere.fr\">brugani@force-ouvriere.fr<\/a><br>Secr\u00e9taire conf\u00e9d\u00e9ral, Secteur International (Europe)<\/p>\n","protected":false},"excerpt":{"rendered":"<div class=\"mh-excerpt\"><p>La journ\u00e9e internationale des droits des personnes handicap\u00e9es, s\u2019est tenue le 3 d\u00e9cembre. Cette journ\u00e9e a \u00e9t\u00e9 l\u2019occasion de faire le point sur les initiatives <a class=\"mh-excerpt-more\" href=\"https:\/\/foastek.fr\/?p=4885\" title=\"Journ\u00e9e internationale des droits des personnes handicap\u00e9es 2024 : FO s\u2019engage !\">[&#8230;]<\/a><\/p>\n<\/div>","protected":false},"author":1,"featured_media":4879,"comment_status":"open","ping_status":"open","sticky":false,"template":"","format":"standard","meta":{"h5ap_radio_sources":[],"jetpack_post_was_ever_published":false,"_jetpack_newsletter_access":"","_jetpack_dont_email_post_to_subs":false,"_jetpack_newsletter_tier_id":0,"_jetpack_memberships_contains_paywalled_content":false,"_jetpack_memberships_contains_paid_content":false,"footnotes":"","jetpack_publicize_message":"","jetpack_publicize_feature_enabled":true,"jetpack_social_post_already_shared":true,"jetpack_social_options":{"image_generator_settings":{"template":"highway","default_image_id":0,"font":"","enabled":false},"version":2}},"categories":[2,4],"tags":[82],"class_list":["post-4885","post","type-post","status-publish","format-standard","has-post-thumbnail","hentry","category-accueil","category-communication","tag-handicap"],"jetpack_publicize_connections":[],"jetpack_featured_media_url":"https:\/\/i0.wp.com\/foastek.fr\/wp-content\/uploads\/2023\/12\/Actualites-1-1531856082.jpg?fit=930%2C930&ssl=1","jetpack_sharing_enabled":true,"jetpack_shortlink":"https:\/\/wp.me\/p77E1E-1gN","jetpack-related-posts":[],"_links":{"self":[{"href":"https:\/\/foastek.fr\/index.php?rest_route=\/wp\/v2\/posts\/4885","targetHints":{"allow":["GET"]}}],"collection":[{"href":"https:\/\/foastek.fr\/index.php?rest_route=\/wp\/v2\/posts"}],"about":[{"href":"https:\/\/foastek.fr\/index.php?rest_route=\/wp\/v2\/types\/post"}],"author":[{"embeddable":true,"href":"https:\/\/foastek.fr\/index.php?rest_route=\/wp\/v2\/users\/1"}],"replies":[{"embeddable":true,"href":"https:\/\/foastek.fr\/index.php?rest_route=%2Fwp%2Fv2%2Fcomments&post=4885"}],"version-history":[{"count":1,"href":"https:\/\/foastek.fr\/index.php?rest_route=\/wp\/v2\/posts\/4885\/revisions"}],"predecessor-version":[{"id":4886,"href":"https:\/\/foastek.fr\/index.php?rest_route=\/wp\/v2\/posts\/4885\/revisions\/4886"}],"wp:featuredmedia":[{"embeddable":true,"href":"https:\/\/foastek.fr\/index.php?rest_route=\/wp\/v2\/media\/4879"}],"wp:attachment":[{"href":"https:\/\/foastek.fr\/index.php?rest_route=%2Fwp%2Fv2%2Fmedia&parent=4885"}],"wp:term":[{"taxonomy":"category","embeddable":true,"href":"https:\/\/foastek.fr\/index.php?rest_route=%2Fwp%2Fv2%2Fcategories&post=4885"},{"taxonomy":"post_tag","embeddable":true,"href":"https:\/\/foastek.fr\/index.php?rest_route=%2Fwp%2Fv2%2Ftags&post=4885"}],"curies":[{"name":"wp","href":"https:\/\/api.w.org\/{rel}","templated":true}]}}