{"id":4970,"date":"2024-02-21T09:59:09","date_gmt":"2024-02-21T08:59:09","guid":{"rendered":"http:\/\/foastek.fr\/?p=4970"},"modified":"2024-02-23T10:01:34","modified_gmt":"2024-02-23T09:01:34","slug":"reste-a-charge-sur-le-cpf-la-formation-professionnelle-ne-doit-pas-etre-une-variable-dajustement","status":"publish","type":"post","link":"https:\/\/foastek.fr\/?p=4970","title":{"rendered":"Reste \u00e0 charge sur le CPF : la formation professionnelle ne doit pas \u00eatre une variable d&rsquo;ajustement !"},"content":{"rendered":"\n<p>Depuis la r\u00e9forme de 2019, le CPF repr\u00e9sente un succ\u00e8s : plus de 5 millions de formations souscrites \u00e0 ce jour. Mais avec pr\u00e8s de 2 milliards d\u2019euros mobilis\u00e9s, ce succ\u00e8s repr\u00e9sente un co\u00fbt jug\u00e9 bien trop important pour les caisses de l&rsquo;Etat.<br><br>Act\u00e9e par la loi de finances pour 2023, la mise en place d\u2019une participation forfaitaire des utilisateurs du CPF va finalement \u00eatre mise en place au cours de l\u2019ann\u00e9e 2024. C\u2019est ce qu\u2019a annonc\u00e9 le ministre des Comptes publics le 19 f\u00e9vrier, \u00e0 l\u2019occasion d\u2019une prise de parole consacr\u00e9e \u00e0 un plan d\u2019\u00e9conomies massif de dix milliards d\u2019euros. Dans le d\u00e9tail, Bercy indique sa volont\u00e9 : \u00ab que 10 % du prix des formations soit pris en charge par celles et ceux qui en b\u00e9n\u00e9ficient, notamment les salari\u00e9s des entreprises.\u00bb<br><br>FO-Cadres s\u2019oppose \u00e0 une r\u00e9gulation financi\u00e8re de l\u2019usage du Compte personnel de formation. Cet amendement remettrait en cause l\u2019essence m\u00eame du CPF, droit acquis par le salari\u00e9 tout au long de sa vie professionnelle et qui doit pouvoir b\u00e9n\u00e9ficier \u00e0 tous. Une telle mesure conduirait \u00e0 priver les travailleurs les plus pr\u00e9caires d\u2019un acc\u00e8s \u00e0 la formation et d\u2019une \u00e9volution professionnelle.<br><br>Les cadres sont les premiers \u00e0 recourir \u00e0 la formation professionnelle. 43% d&rsquo;entre eux en ont suivi au moins une au cours des 12 derniers mois (source : \u00e9tude Visiplus Academy et BVA 2022). Dans un contexte o\u00f9 69% des cadres expriment par ailleurs des inqui\u00e9tudes vis-\u00e0-vis de leur pouvoir d\u2019achat, l\u2019instauration d\u2019un ticket mod\u00e9rateur est pour le moins sujette \u00e0 caution.<br><br>Le CPF est et doit demeurer un outil universel au service de la formation professionnelle continue. FO-Cadres s\u2019oppose \u00e0 son utilisation comme simple variable d\u2019ajustement budg\u00e9taire.<\/p>\n","protected":false},"excerpt":{"rendered":"<div class=\"mh-excerpt\"><p>Depuis la r\u00e9forme de 2019, le CPF repr\u00e9sente un succ\u00e8s : plus de 5 millions de formations souscrites \u00e0 ce jour. Mais avec pr\u00e8s de <a class=\"mh-excerpt-more\" href=\"https:\/\/foastek.fr\/?p=4970\" title=\"Reste \u00e0 charge sur le CPF : la formation professionnelle ne doit pas \u00eatre une variable d&rsquo;ajustement !\">[&#8230;]<\/a><\/p>\n<\/div>","protected":false},"author":1,"featured_media":4345,"comment_status":"open","ping_status":"open","sticky":false,"template":"","format":"standard","meta":{"h5ap_radio_sources":[],"jetpack_post_was_ever_published":false,"_jetpack_newsletter_access":"","_jetpack_dont_email_post_to_subs":false,"_jetpack_newsletter_tier_id":0,"_jetpack_memberships_contains_paywalled_content":false,"_jetpack_memberships_contains_paid_content":false,"footnotes":"","jetpack_publicize_message":"","jetpack_publicize_feature_enabled":true,"jetpack_social_post_already_shared":true,"jetpack_social_options":{"image_generator_settings":{"template":"highway","default_image_id":0,"font":"","enabled":false},"version":2}},"categories":[2,240,10],"tags":[394],"class_list":["post-4970","post","type-post","status-publish","format-standard","has-post-thumbnail","hentry","category-accueil","category-actualite","category-vos-droits","tag-cpf"],"jetpack_publicize_connections":[],"jetpack_featured_media_url":"https:\/\/i0.wp.com\/foastek.fr\/wp-content\/uploads\/2023\/04\/35138897-2912247581.jpg?fit=1500%2C1000&ssl=1","jetpack_sharing_enabled":true,"jetpack_shortlink":"https:\/\/wp.me\/p77E1E-1ia","jetpack-related-posts":[],"_links":{"self":[{"href":"https:\/\/foastek.fr\/index.php?rest_route=\/wp\/v2\/posts\/4970","targetHints":{"allow":["GET"]}}],"collection":[{"href":"https:\/\/foastek.fr\/index.php?rest_route=\/wp\/v2\/posts"}],"about":[{"href":"https:\/\/foastek.fr\/index.php?rest_route=\/wp\/v2\/types\/post"}],"author":[{"embeddable":true,"href":"https:\/\/foastek.fr\/index.php?rest_route=\/wp\/v2\/users\/1"}],"replies":[{"embeddable":true,"href":"https:\/\/foastek.fr\/index.php?rest_route=%2Fwp%2Fv2%2Fcomments&post=4970"}],"version-history":[{"count":1,"href":"https:\/\/foastek.fr\/index.php?rest_route=\/wp\/v2\/posts\/4970\/revisions"}],"predecessor-version":[{"id":4971,"href":"https:\/\/foastek.fr\/index.php?rest_route=\/wp\/v2\/posts\/4970\/revisions\/4971"}],"wp:featuredmedia":[{"embeddable":true,"href":"https:\/\/foastek.fr\/index.php?rest_route=\/wp\/v2\/media\/4345"}],"wp:attachment":[{"href":"https:\/\/foastek.fr\/index.php?rest_route=%2Fwp%2Fv2%2Fmedia&parent=4970"}],"wp:term":[{"taxonomy":"category","embeddable":true,"href":"https:\/\/foastek.fr\/index.php?rest_route=%2Fwp%2Fv2%2Fcategories&post=4970"},{"taxonomy":"post_tag","embeddable":true,"href":"https:\/\/foastek.fr\/index.php?rest_route=%2Fwp%2Fv2%2Ftags&post=4970"}],"curies":[{"name":"wp","href":"https:\/\/api.w.org\/{rel}","templated":true}]}}