{"id":4982,"date":"2024-02-14T10:12:14","date_gmt":"2024-02-14T09:12:14","guid":{"rendered":"http:\/\/foastek.fr\/?p=4982"},"modified":"2024-02-23T10:13:16","modified_gmt":"2024-02-23T09:13:16","slug":"astek-reunion-extraordinaire-demandee-par-fo","status":"publish","type":"post","link":"https:\/\/foastek.fr\/?p=4982","title":{"rendered":"[ ASTEK ] R\u00e9union extraordinaire demand\u00e9e par FO"},"content":{"rendered":"\n<p>Face \u00e0 la vague de fin de p\u00e9riode d&rsquo;essai, de licenciements &#8230;, FO a demand\u00e9 avec les autres syndicats la tenue d&rsquo;une r\u00e9union extraordinaire pour discuter de la situation.<br><br>Celle-ci se tiendra jeudi 15 f\u00e9vrier en pr\u00e9sence de la direction, du drh.<\/p>\n","protected":false},"excerpt":{"rendered":"<div class=\"mh-excerpt\"><p>Face \u00e0 la vague de fin de p\u00e9riode d&rsquo;essai, de licenciements &#8230;, FO a demand\u00e9 avec les autres syndicats la tenue d&rsquo;une r\u00e9union extraordinaire pour <a class=\"mh-excerpt-more\" href=\"https:\/\/foastek.fr\/?p=4982\" title=\"[ ASTEK ] R\u00e9union extraordinaire demand\u00e9e par FO\">[&#8230;]<\/a><\/p>\n<\/div>","protected":false},"author":1,"featured_media":3980,"comment_status":"open","ping_status":"open","sticky":false,"template":"","format":"standard","meta":{"h5ap_radio_sources":[],"jetpack_post_was_ever_published":false,"_jetpack_newsletter_access":"","_jetpack_dont_email_post_to_subs":false,"_jetpack_newsletter_tier_id":0,"_jetpack_memberships_contains_paywalled_content":false,"_jetpack_memberships_contains_paid_content":false,"footnotes":"","jetpack_publicize_message":"","jetpack_publicize_feature_enabled":true,"jetpack_social_post_already_shared":true,"jetpack_social_options":{"image_generator_settings":{"template":"highway","default_image_id":0,"font":"","enabled":false},"version":2}},"categories":[2,240,256],"tags":[22],"class_list":["post-4982","post","type-post","status-publish","format-standard","has-post-thumbnail","hentry","category-accueil","category-actualite","category-astek","tag-licenciement"],"jetpack_publicize_connections":[],"jetpack_featured_media_url":"https:\/\/i0.wp.com\/foastek.fr\/wp-content\/uploads\/2023\/03\/licenciements.jpg?fit=635%2C423&ssl=1","jetpack_sharing_enabled":true,"jetpack_shortlink":"https:\/\/wp.me\/p77E1E-1im","jetpack-related-posts":[],"_links":{"self":[{"href":"https:\/\/foastek.fr\/index.php?rest_route=\/wp\/v2\/posts\/4982","targetHints":{"allow":["GET"]}}],"collection":[{"href":"https:\/\/foastek.fr\/index.php?rest_route=\/wp\/v2\/posts"}],"about":[{"href":"https:\/\/foastek.fr\/index.php?rest_route=\/wp\/v2\/types\/post"}],"author":[{"embeddable":true,"href":"https:\/\/foastek.fr\/index.php?rest_route=\/wp\/v2\/users\/1"}],"replies":[{"embeddable":true,"href":"https:\/\/foastek.fr\/index.php?rest_route=%2Fwp%2Fv2%2Fcomments&post=4982"}],"version-history":[{"count":1,"href":"https:\/\/foastek.fr\/index.php?rest_route=\/wp\/v2\/posts\/4982\/revisions"}],"predecessor-version":[{"id":4983,"href":"https:\/\/foastek.fr\/index.php?rest_route=\/wp\/v2\/posts\/4982\/revisions\/4983"}],"wp:featuredmedia":[{"embeddable":true,"href":"https:\/\/foastek.fr\/index.php?rest_route=\/wp\/v2\/media\/3980"}],"wp:attachment":[{"href":"https:\/\/foastek.fr\/index.php?rest_route=%2Fwp%2Fv2%2Fmedia&parent=4982"}],"wp:term":[{"taxonomy":"category","embeddable":true,"href":"https:\/\/foastek.fr\/index.php?rest_route=%2Fwp%2Fv2%2Fcategories&post=4982"},{"taxonomy":"post_tag","embeddable":true,"href":"https:\/\/foastek.fr\/index.php?rest_route=%2Fwp%2Fv2%2Ftags&post=4982"}],"curies":[{"name":"wp","href":"https:\/\/api.w.org\/{rel}","templated":true}]}}