{"id":5072,"date":"2024-04-16T07:30:00","date_gmt":"2024-04-16T06:30:00","guid":{"rendered":"http:\/\/foastek.fr\/?p=5072"},"modified":"2024-04-12T17:31:15","modified_gmt":"2024-04-12T16:31:15","slug":"transparence-salariale-et-revision-de-lindex-egalite","status":"publish","type":"post","link":"https:\/\/foastek.fr\/?p=5072","title":{"rendered":"Transparence salariale et R\u00e9vision de l&rsquo;Index Egalit\u00e9"},"content":{"rendered":"\n<p>Lors de la conf\u00e9rence sociale du 16 octobre 2023, la Premi\u00e8re ministre, avait annonc\u00e9<br>l\u2019am\u00e9lioration de l\u2019Index \u00e9galit\u00e9 et la transposition anticip\u00e9e de la directive 2023\/970 \u00ab visant \u00e0<br>renforcer l\u2019application du principe de l\u2019\u00e9galit\u00e9 des r\u00e9mun\u00e9rations entre les femmes et les<br>hommes pour un m\u00eame travail ou un travail de valeur \u00e9gale \u00bb dite \u00ab transparence salariale \u00bb entr\u00e9e<br>en vigueur le 7 juin 2023 et \u00e0 transposer au plus tard le 7 juin 2026. Engagement confirm\u00e9 en<br>Conseil des ministres du 6 mars 2024, par la ministre d\u00e9l\u00e9gu\u00e9e aupr\u00e8s du Premier ministre<br>charg\u00e9e de l\u2019\u00e9galit\u00e9 entre les femmes et les hommes et de la lutte contre les discriminations. <\/p>\n\n\n\n<p>Les concertations ont d\u00e9but\u00e9 avec le gouvernement le 21 mars en pr\u00e9sence des organisations<br>syndicales et patronales repr\u00e9sentatives, de membres du minist\u00e8re du travail (directrice adjointe<br>de cabinet, conseill\u00e8re charg\u00e9e de charg\u00e9e des relations du travail et de la sant\u00e9 au travail, de la<br>direction g\u00e9n\u00e9rale du travail) et du cabinet de la ministre charg\u00e9e de l\u2019\u00e9galit\u00e9 ainsi que de deux<br>repr\u00e9sentantes du Haut Conseil \u00e0 l\u2019\u00c9galit\u00e9 entre les femmes et les hommes (la pr\u00e9sidente et la<br>d\u00e9l\u00e9gu\u00e9e \u00e0 la formation \u00e9galit\u00e9 professionnelle du HCE), du fait de la publication du Bilan du HCE<br>portant sur l\u2019Index \u00e9galit\u00e9.<\/p>\n\n\n\n<p>Apr\u00e8s la pr\u00e9sentation du calendrier pr\u00e9visionnel, les repr\u00e9sentants du gouvernement se sont<br>concentr\u00e9s exclusivement sur la transposition de la directive. Leur volont\u00e9 est de programmer,<br>apr\u00e8s les travaux europ\u00e9ens entre Etats membres sur les \u00ab aspects techniques \u00bb de la directive,<br>deux nouvelles r\u00e9unions de concertation avec les interlocuteurs sociaux en juin pour \u00e9changer<br>sur les grands enjeux de la transposition et en septembre pour pr\u00e9senter un projet de texte.<br>L\u2019objectif est d\u2019aboutir \u00e0 un projet de loi pour d\u00e9but octobre 2024, avec un texte d\u00e9finitif au<br>printemps 2025.<\/p>\n\n\n\n<p>Force Ouvri\u00e8re a rappel\u00e9 les engagements pris lors de la conf\u00e9rence sociale. Au-del\u00e0 de la<br>transposition de l\u2019index, les concertations doivent \u00e9galement porter sur la r\u00e9vision de l\u2019Index<br>\u00e9galit\u00e9, attendue depuis 5 ans. Cette p\u00e9riode aura \u00e9t\u00e9 n\u00e9cessaire pour que nos r\u00e9serves<br>exprim\u00e9es initialement, soient confirm\u00e9es par le bilan du Haut Conseil \u00e0 l\u2019\u00c9galit\u00e9.<\/p>\n\n\n\n<p>FO a remis en perspective qu\u2019il s\u2019agit d\u2019aboutir \u00e0 l\u2019obligation de r\u00e9sultat en mati\u00e8re d\u2019\u00e9galit\u00e9 de<br>r\u00e9mun\u00e9ration entre les femmes et les hommes. Ces concertations doivent permettre d\u2019atteindre<br>cet objectif gr\u00e2ce \u00e0 un outil op\u00e9rant. FO a donc insist\u00e9 sur la n\u00e9cessit\u00e9 de programmer \u00e9galement<br>des r\u00e9unions d\u00e9di\u00e9es \u00e0 l\u2019Index \u00e9galit\u00e9.<\/p>\n\n\n\n<p>Enfin, s\u2019agissant du calendrier pr\u00e9sent\u00e9 et face \u00e0 la volont\u00e9 gouvernementale \u00ab d\u2019aller vite \u00bb, FO a<br>insist\u00e9 sur le fait qu\u2019il faut surtout prendre le temps suffisant et mener des concertations de<br>qualit\u00e9.<\/p>\n\n\n\n<p>La CGT et la CFDT, ainsi que le MEDEF, sont \u00e9galement intervenus pour d\u00e9plorer la bri\u00e8vet\u00e9 du<br>calendrier propos\u00e9 et la difficult\u00e9 de travailler dans de tels d\u00e9lais.<\/p>\n\n\n\n<p>Les repr\u00e9sentants du gouvernement ont confirm\u00e9 que l\u2019objectif reste l\u2019obligation de r\u00e9sultat et la<br>n\u00e9cessit\u00e9 de r\u00e9fl\u00e9chir \u00e0 l\u2019articulation de l\u2019index et de la directive. Il n\u2019est donc pas question d\u2019aller<br>trop vite mais bien de devancer la date limite de transposition de la directive. Le calendrier<br>pr\u00e9visionnel n\u2019exclut pas des r\u00e9unions techniques \u00e0 la DGT concernant le process g\u00e9n\u00e9ral.<\/p>\n\n\n\n<p>Pour finir, les repr\u00e9sentants du gouvernement ont fait une pr\u00e9sentation de la directive<br>\u00ab transparence salariale \u00bb (cf. <a href=\"http:\/\/foastek.fr\/wp-content\/uploads\/2024\/04\/Annexe_Transposition.pdf\">pr\u00e9sentation en annexe<\/a>). Pour m\u00e9moire, la circulaire n\u00b0 137-2023<br>du 4 octobre 2023 d\u00e9taille l\u2019analyse de FO.<\/p>\n\n\n\n<p>FO, comme d\u2019autres OS, a demand\u00e9 une \u00e9tude d\u2019impact et rappel\u00e9 qu\u2019il devait \u00eatre question<br>d\u2019avoir du mieux disant par rapport au droit actuel.<\/p>\n\n\n\n<p>Le patronat (MEDEF, CPME), quant \u00e0 lui, apr\u00e8s avoir rappel\u00e9 son attachement \u00e0 l\u2019\u00e9galit\u00e9<br>professionnelle entre les femmes et les hommes a demand\u00e9 \u00e0 ne pas avoir de \u00ab surtransposition \u00bb<br>de la directive.<\/p>\n\n\n\n<p>Les repr\u00e9sentants du gouvernement ont r\u00e9pondu qu\u2019il n\u2019\u00e9tait pas question de repartir de z\u00e9ro. Ils<br>ont pr\u00e9cis\u00e9 que, par exemple, il n\u2019\u00e9tait pas question de revenir sur le fait que l\u2019Index vaut \u00e0 partir<br>de 50 salari\u00e9s (alors que la directive impose des informations obligatoires \u00e0 partir de 100<br>salari\u00e9s).<\/p>\n\n\n\n<p><strong>Pour FO, ce premier \u00e9change aura \u00e9t\u00e9 l\u2019occasion d\u2019alerter le gouvernement sur l\u2019importance<br>d\u2019avoir une m\u00e9thode de travail et surtout un calendrier permettant d\u2019avoir un travail de fond<br>tant sur la transposition de la directive que sur la r\u00e9vision totale de l\u2019Index \u00e9galit\u00e9<\/strong><\/p>\n\n\n\n<p>Source : <em>FO &#8211; Secteur de l\u2019\u00c9galit\u00e9 et du D\u00e9veloppement durable<\/em><\/p>\n","protected":false},"excerpt":{"rendered":"<div class=\"mh-excerpt\"><p>Lors de la conf\u00e9rence sociale du 16 octobre 2023, la Premi\u00e8re ministre, avait annonc\u00e9l\u2019am\u00e9lioration de l\u2019Index \u00e9galit\u00e9 et la transposition anticip\u00e9e de la directive 2023\/970 <a class=\"mh-excerpt-more\" href=\"https:\/\/foastek.fr\/?p=5072\" title=\"Transparence salariale et R\u00e9vision de l&rsquo;Index Egalit\u00e9\">[&#8230;]<\/a><\/p>\n<\/div>","protected":false},"author":1,"featured_media":5071,"comment_status":"open","ping_status":"open","sticky":false,"template":"","format":"standard","meta":{"h5ap_radio_sources":[],"jetpack_post_was_ever_published":false,"_jetpack_newsletter_access":"","_jetpack_dont_email_post_to_subs":false,"_jetpack_newsletter_tier_id":0,"_jetpack_memberships_contains_paywalled_content":false,"_jetpack_memberships_contains_paid_content":false,"footnotes":"","jetpack_publicize_message":"","jetpack_publicize_feature_enabled":true,"jetpack_social_post_already_shared":true,"jetpack_social_options":{"image_generator_settings":{"template":"highway","default_image_id":0,"font":"","enabled":false},"version":2}},"categories":[2,7,10],"tags":[406,61],"class_list":["post-5072","post","type-post","status-publish","format-standard","has-post-thumbnail","hentry","category-accueil","category-negociations","category-vos-droits","tag-index-egalite","tag-salaire"],"jetpack_publicize_connections":[],"jetpack_featured_media_url":"https:\/\/i0.wp.com\/foastek.fr\/wp-content\/uploads\/2024\/04\/1712938934795.png?fit=1280%2C720&ssl=1","jetpack_sharing_enabled":true,"jetpack_shortlink":"https:\/\/wp.me\/p77E1E-1jO","jetpack-related-posts":[],"_links":{"self":[{"href":"https:\/\/foastek.fr\/index.php?rest_route=\/wp\/v2\/posts\/5072","targetHints":{"allow":["GET"]}}],"collection":[{"href":"https:\/\/foastek.fr\/index.php?rest_route=\/wp\/v2\/posts"}],"about":[{"href":"https:\/\/foastek.fr\/index.php?rest_route=\/wp\/v2\/types\/post"}],"author":[{"embeddable":true,"href":"https:\/\/foastek.fr\/index.php?rest_route=\/wp\/v2\/users\/1"}],"replies":[{"embeddable":true,"href":"https:\/\/foastek.fr\/index.php?rest_route=%2Fwp%2Fv2%2Fcomments&post=5072"}],"version-history":[{"count":2,"href":"https:\/\/foastek.fr\/index.php?rest_route=\/wp\/v2\/posts\/5072\/revisions"}],"predecessor-version":[{"id":5074,"href":"https:\/\/foastek.fr\/index.php?rest_route=\/wp\/v2\/posts\/5072\/revisions\/5074"}],"wp:featuredmedia":[{"embeddable":true,"href":"https:\/\/foastek.fr\/index.php?rest_route=\/wp\/v2\/media\/5071"}],"wp:attachment":[{"href":"https:\/\/foastek.fr\/index.php?rest_route=%2Fwp%2Fv2%2Fmedia&parent=5072"}],"wp:term":[{"taxonomy":"category","embeddable":true,"href":"https:\/\/foastek.fr\/index.php?rest_route=%2Fwp%2Fv2%2Fcategories&post=5072"},{"taxonomy":"post_tag","embeddable":true,"href":"https:\/\/foastek.fr\/index.php?rest_route=%2Fwp%2Fv2%2Ftags&post=5072"}],"curies":[{"name":"wp","href":"https:\/\/api.w.org\/{rel}","templated":true}]}}