{"id":5089,"date":"2024-04-11T09:30:32","date_gmt":"2024-04-11T08:30:32","guid":{"rendered":"http:\/\/foastek.fr\/?p=5089"},"modified":"2025-03-06T13:28:33","modified_gmt":"2025-03-06T12:28:33","slug":"negociation-remuneration-frais-professionnels-temps-de-travail-partage-de-la-valeur-ajoutee","status":"publish","type":"post","link":"https:\/\/foastek.fr\/?p=5089","title":{"rendered":"[Astek &#8211; N\u00e9gociation 2024] R\u00e9mun\u00e9ration, Frais professionnels, Temps de travail, Partage de la valeur ajout\u00e9e"},"content":{"rendered":"\n<p>Jeudi 4 avril a eu lieu la r\u00e9union o\u00f9 la direction devait faire un retour \u00e0 FO (et autres syndicats) sur leurs revendications.<\/p>\n\n\n\n<p>La direction est venue avec sa proposition (augmentation \u00e0 \u00ab\u00a0la t\u00eate du client\u00a0\u00bb) et a rejet\u00e9 toutes les demandes des syndicats.<\/p>\n\n\n\n<p>Une nouvelle fois, la n\u00e9gociation sur la r\u00e9mun\u00e9ration, les frais professionnels, le partage de la valeur ajout\u00e9e ressemble \u00e0 un SIMULACRE de dialogue.<\/p>\n\n\n\n<div data-wp-interactive=\"core\/file\" class=\"wp-block-file\"><object data-wp-bind--hidden=\"!state.hasPdfPreview\" hidden class=\"wp-block-file__embed\" data=\"http:\/\/foastek.fr\/wp-content\/uploads\/2024\/04\/20240404_RemunerationValeurAjoutee2024_RetourDirection_vF.pdf\" type=\"application\/pdf\" style=\"width:100%;height:600px\" aria-label=\"Contenu embarqu\u00e9 20240404_RemunerationValeurAjoutee2024_RetourDirection_vF.\"><\/object><a id=\"wp-block-file--media-ee10b4ed-e66f-4734-bf60-3fcf27b78d6b\" href=\"http:\/\/foastek.fr\/wp-content\/uploads\/2024\/04\/20240404_RemunerationValeurAjoutee2024_RetourDirection_vF.pdf\">20240404_RemunerationValeurAjoutee2024_RetourDirection_vF<\/a><a href=\"http:\/\/foastek.fr\/wp-content\/uploads\/2024\/04\/20240404_RemunerationValeurAjoutee2024_RetourDirection_vF.pdf\" class=\"wp-block-file__button wp-element-button\" download aria-describedby=\"wp-block-file--media-ee10b4ed-e66f-4734-bf60-3fcf27b78d6b\">T\u00e9l\u00e9charger<\/a><\/div>\n","protected":false},"excerpt":{"rendered":"<div class=\"mh-excerpt\"><p>Jeudi 4 avril a eu lieu la r\u00e9union o\u00f9 la direction devait faire un retour \u00e0 FO (et autres syndicats) sur leurs revendications. La direction <a class=\"mh-excerpt-more\" href=\"https:\/\/foastek.fr\/?p=5089\" title=\"[Astek &#8211; N\u00e9gociation 2024] R\u00e9mun\u00e9ration, Frais professionnels, Temps de travail, Partage de la valeur ajout\u00e9e\">[&#8230;]<\/a><\/p>\n<\/div>","protected":false},"author":1,"featured_media":4424,"comment_status":"open","ping_status":"open","sticky":false,"template":"","format":"standard","meta":{"h5ap_radio_sources":[],"jetpack_post_was_ever_published":false,"_jetpack_newsletter_access":"","_jetpack_dont_email_post_to_subs":false,"_jetpack_newsletter_tier_id":0,"_jetpack_memberships_contains_paywalled_content":false,"_jetpack_memberships_contains_paid_content":false,"footnotes":"","jetpack_publicize_message":"","jetpack_publicize_feature_enabled":true,"jetpack_social_post_already_shared":true,"jetpack_social_options":{"image_generator_settings":{"template":"highway","default_image_id":0,"font":"","enabled":false},"version":2}},"categories":[2,256,7],"tags":[404,20,72,244,118],"class_list":["post-5089","post","type-post","status-publish","format-standard","has-post-thumbnail","hentry","category-accueil","category-astek","category-negociations","tag-404","tag-astek","tag-negociations","tag-remuneration","tag-salaires"],"jetpack_publicize_connections":[],"jetpack_featured_media_url":"https:\/\/i0.wp.com\/foastek.fr\/wp-content\/uploads\/2023\/04\/Negociation-Salaires.png?fit=800%2C600&ssl=1","jetpack_sharing_enabled":true,"jetpack_shortlink":"https:\/\/wp.me\/p77E1E-1k5","jetpack-related-posts":[],"_links":{"self":[{"href":"https:\/\/foastek.fr\/index.php?rest_route=\/wp\/v2\/posts\/5089","targetHints":{"allow":["GET"]}}],"collection":[{"href":"https:\/\/foastek.fr\/index.php?rest_route=\/wp\/v2\/posts"}],"about":[{"href":"https:\/\/foastek.fr\/index.php?rest_route=\/wp\/v2\/types\/post"}],"author":[{"embeddable":true,"href":"https:\/\/foastek.fr\/index.php?rest_route=\/wp\/v2\/users\/1"}],"replies":[{"embeddable":true,"href":"https:\/\/foastek.fr\/index.php?rest_route=%2Fwp%2Fv2%2Fcomments&post=5089"}],"version-history":[{"count":2,"href":"https:\/\/foastek.fr\/index.php?rest_route=\/wp\/v2\/posts\/5089\/revisions"}],"predecessor-version":[{"id":5455,"href":"https:\/\/foastek.fr\/index.php?rest_route=\/wp\/v2\/posts\/5089\/revisions\/5455"}],"wp:featuredmedia":[{"embeddable":true,"href":"https:\/\/foastek.fr\/index.php?rest_route=\/wp\/v2\/media\/4424"}],"wp:attachment":[{"href":"https:\/\/foastek.fr\/index.php?rest_route=%2Fwp%2Fv2%2Fmedia&parent=5089"}],"wp:term":[{"taxonomy":"category","embeddable":true,"href":"https:\/\/foastek.fr\/index.php?rest_route=%2Fwp%2Fv2%2Fcategories&post=5089"},{"taxonomy":"post_tag","embeddable":true,"href":"https:\/\/foastek.fr\/index.php?rest_route=%2Fwp%2Fv2%2Ftags&post=5089"}],"curies":[{"name":"wp","href":"https:\/\/api.w.org\/{rel}","templated":true}]}}