{"id":5108,"date":"2024-03-22T09:50:57","date_gmt":"2024-03-22T08:50:57","guid":{"rendered":"http:\/\/foastek.fr\/?p=5108"},"modified":"2024-04-20T09:52:47","modified_gmt":"2024-04-20T08:52:47","slug":"negociation-accord-handicap","status":"publish","type":"post","link":"https:\/\/foastek.fr\/?p=5108","title":{"rendered":"[N\u00e9gociation] Accord Handicap"},"content":{"rendered":"\n<p>Ouverte en 2019, la n\u00e9gociation Handicap a malheureusement connu pendant 4 ans des hauts et des bas sans permettre de finaliser un accord.<\/p>\n\n\n\n<p>Relanc\u00e9e en septembre 2023, \u00e0 la demande de <strong><em><mark style=\"background-color:rgba(0, 0, 0, 0)\" class=\"has-inline-color has-vivid-red-color\">FO<\/mark><\/em><\/strong>, notre syndicat s\u2019est fortement investi (r\u00e9\u00e9criture du projet, \u00e9changes avec la section Handicap du syndicat national <strong><em><mark style=\"background-color:rgba(0, 0, 0, 0)\" class=\"has-inline-color has-vivid-red-color\">FO<\/mark><\/em><\/strong>) afin d\u2019essayer de donner toutes les chances \u00e0 la conclusion de cet accord.<\/p>\n\n\n\n<p>La direction a r\u00e9pondu favorablement \u00e0 de nombreuses propositions faites par <strong><em><mark style=\"background-color:rgba(0, 0, 0, 0)\" class=\"has-inline-color has-vivid-red-color\">FO<\/mark><\/em><\/strong>, et \u00e0 ce jour, le projet final est propos\u00e9 \u00e0 la signature des syndicats repr\u00e9sentatifs au sein de l\u2019entreprise (CFE-CGC, FO, Syndicat Ind\u00e9pendant Diversit\u00e9&amp;Proximit\u00e9).<\/p>\n\n\n\n<p>Sauf revirement de derni\u00e8re minute, le travail r\u00e9alis\u00e9 au cours des 6 derniers mois par l\u2019\u00e9quipe <strong><em><mark style=\"background-color:rgba(0, 0, 0, 0)\" class=\"has-inline-color has-vivid-red-color\">FO<\/mark><\/em><\/strong> (salu\u00e9 par la direction) devrait ainsi permettre d\u2019aboutir prochainement \u00e0 un accord.<\/p>\n\n\n\n<p>Si l&rsquo;accord est sign\u00e9, <strong><em><mark style=\"background-color:rgba(0, 0, 0, 0)\" class=\"has-inline-color has-vivid-red-color\">FO<\/mark><\/em><\/strong> r\u00e9alisera une communication.<\/p>\n\n\n\n<p>Si vous avez des questions, n\u2019h\u00e9sitez pas \u00e0 nous contacter.<\/p>\n","protected":false},"excerpt":{"rendered":"<div class=\"mh-excerpt\"><p>Ouverte en 2019, la n\u00e9gociation Handicap a malheureusement connu pendant 4 ans des hauts et des bas sans permettre de finaliser un accord. Relanc\u00e9e en <a class=\"mh-excerpt-more\" href=\"https:\/\/foastek.fr\/?p=5108\" title=\"[N\u00e9gociation] Accord Handicap\">[&#8230;]<\/a><\/p>\n<\/div>","protected":false},"author":1,"featured_media":4432,"comment_status":"open","ping_status":"open","sticky":false,"template":"","format":"standard","meta":{"h5ap_radio_sources":[],"jetpack_post_was_ever_published":false,"_jetpack_newsletter_access":"","_jetpack_dont_email_post_to_subs":false,"_jetpack_newsletter_tier_id":0,"_jetpack_memberships_contains_paywalled_content":false,"_jetpack_memberships_contains_paid_content":false,"footnotes":"","jetpack_publicize_message":"","jetpack_publicize_feature_enabled":true,"jetpack_social_post_already_shared":true,"jetpack_social_options":{"image_generator_settings":{"template":"highway","default_image_id":0,"font":"","enabled":false},"version":2}},"categories":[2,256,10],"tags":[128,82],"class_list":["post-5108","post","type-post","status-publish","format-standard","has-post-thumbnail","hentry","category-accueil","category-astek","category-vos-droits","tag-accord","tag-handicap"],"jetpack_publicize_connections":[],"jetpack_featured_media_url":"https:\/\/i0.wp.com\/foastek.fr\/wp-content\/uploads\/2021\/10\/Negociation-Handicap.png?fit=800%2C600&ssl=1","jetpack_sharing_enabled":true,"jetpack_shortlink":"https:\/\/wp.me\/p77E1E-1ko","jetpack-related-posts":[],"_links":{"self":[{"href":"https:\/\/foastek.fr\/index.php?rest_route=\/wp\/v2\/posts\/5108","targetHints":{"allow":["GET"]}}],"collection":[{"href":"https:\/\/foastek.fr\/index.php?rest_route=\/wp\/v2\/posts"}],"about":[{"href":"https:\/\/foastek.fr\/index.php?rest_route=\/wp\/v2\/types\/post"}],"author":[{"embeddable":true,"href":"https:\/\/foastek.fr\/index.php?rest_route=\/wp\/v2\/users\/1"}],"replies":[{"embeddable":true,"href":"https:\/\/foastek.fr\/index.php?rest_route=%2Fwp%2Fv2%2Fcomments&post=5108"}],"version-history":[{"count":1,"href":"https:\/\/foastek.fr\/index.php?rest_route=\/wp\/v2\/posts\/5108\/revisions"}],"predecessor-version":[{"id":5109,"href":"https:\/\/foastek.fr\/index.php?rest_route=\/wp\/v2\/posts\/5108\/revisions\/5109"}],"wp:featuredmedia":[{"embeddable":true,"href":"https:\/\/foastek.fr\/index.php?rest_route=\/wp\/v2\/media\/4432"}],"wp:attachment":[{"href":"https:\/\/foastek.fr\/index.php?rest_route=%2Fwp%2Fv2%2Fmedia&parent=5108"}],"wp:term":[{"taxonomy":"category","embeddable":true,"href":"https:\/\/foastek.fr\/index.php?rest_route=%2Fwp%2Fv2%2Fcategories&post=5108"},{"taxonomy":"post_tag","embeddable":true,"href":"https:\/\/foastek.fr\/index.php?rest_route=%2Fwp%2Fv2%2Ftags&post=5108"}],"curies":[{"name":"wp","href":"https:\/\/api.w.org\/{rel}","templated":true}]}}