{"id":5182,"date":"2024-06-19T09:45:10","date_gmt":"2024-06-19T08:45:10","guid":{"rendered":"http:\/\/foastek.fr\/?p=5182"},"modified":"2024-06-21T09:49:29","modified_gmt":"2024-06-21T08:49:29","slug":"mails-envoyes-a-des-heures-tardives-pour-preuve-que-des-heures-complementaires-ont-ete-realisees","status":"publish","type":"post","link":"https:\/\/foastek.fr\/?p=5182","title":{"rendered":"Mails envoy\u00e9s \u00e0 des heures tardives pour preuve que des heures compl\u00e9mentaires ont \u00e9t\u00e9 r\u00e9alis\u00e9es"},"content":{"rendered":"\n<p>&#x1f449; L\u2019affaire<br><br>Une salari\u00e9e, engag\u00e9e en qualit\u00e9 de directrice administrative et financi\u00e8re en 2016, est licenci\u00e9e pour insuffisance professionnelle en 2017.<br><br>Elle a saisi la juridiction prud&rsquo;homale de diverses demandes relatives \u00e0 l&rsquo;ex\u00e9cution et \u00e0 la rupture de son contrat de travail en 2018, et r\u00e9clame entre autres le paiement d\u2019un rappel d\u2019heures compl\u00e9mentaires, mettant en avant le fait qu\u2019elle avait adress\u00e9 des mails \u00e0 des heures tardives, prouvant en cela la r\u00e9alit\u00e9 d\u2019heures travaill\u00e9es au-del\u00e0 de l\u2019horaire contractuel.<br><br>&#x1f449; Arr\u00eat de la cour d\u2019appel<br><br>La cour d&rsquo;appel de Paris (arr\u00eat du 19 janvier 2022) d\u00e9boute la salari\u00e9e de sa demande et retient que la salari\u00e9e ne rapporte pas la preuve d&rsquo;avoir effectu\u00e9 des heures compl\u00e9mentaires \u00e0 la demande de l&#8217;employeur et qu&rsquo;en particulier les envois de courriels \u00e0 des heures tardives, sans urgence, ne permettent pas d&rsquo;\u00e9tayer la r\u00e9alit\u00e9 d&rsquo;un travail continu \u00e0 la fin de l&rsquo;horaire th\u00e9orique ni le week-end.<br><br>La cour d\u2019appel en conclut que les heures compl\u00e9mentaires et suppl\u00e9mentaires ne se trouvant pas \u00e9tablies, la probl\u00e9matique du travail dissimul\u00e9 est inop\u00e9rante.<br><br>&#x1f449; Arr\u00eat de la Cour de cassation<br><br>La Cour de cassation n\u2019approuve pas le raisonnement de la cour d\u2019appel, dont elle casse et annule l\u2019arr\u00eat, renvoyant les parties devant la cour d\u2019appel de Paris autrement compos\u00e9e.<br><br>Selon la Cour de cassation :<br>&#8211; La salari\u00e9e pr\u00e9sentait des \u00e9l\u00e9ments suffisamment pr\u00e9cis pour permettre \u00e0 l&#8217;employeur de r\u00e9pondre ;<br>&#8211; La cour d&rsquo;appel a fait peser la charge de la preuve sur la seule salari\u00e9e.<\/p>\n","protected":false},"excerpt":{"rendered":"<div class=\"mh-excerpt\"><p>&#x1f449; L\u2019affaire Une salari\u00e9e, engag\u00e9e en qualit\u00e9 de directrice administrative et financi\u00e8re en 2016, est licenci\u00e9e pour insuffisance professionnelle en 2017. Elle a saisi la <a class=\"mh-excerpt-more\" href=\"https:\/\/foastek.fr\/?p=5182\" title=\"Mails envoy\u00e9s \u00e0 des heures tardives pour preuve que des heures compl\u00e9mentaires ont \u00e9t\u00e9 r\u00e9alis\u00e9es\">[&#8230;]<\/a><\/p>\n<\/div>","protected":false},"author":1,"featured_media":4350,"comment_status":"open","ping_status":"open","sticky":false,"template":"","format":"standard","meta":{"h5ap_radio_sources":[],"jetpack_post_was_ever_published":false,"_jetpack_newsletter_access":"","_jetpack_dont_email_post_to_subs":false,"_jetpack_newsletter_tier_id":0,"_jetpack_memberships_contains_paywalled_content":false,"_jetpack_memberships_contains_paid_content":false,"footnotes":"","jetpack_publicize_message":"","jetpack_publicize_feature_enabled":true,"jetpack_social_post_already_shared":true,"jetpack_social_options":{"image_generator_settings":{"template":"highway","default_image_id":0,"font":"","enabled":false},"version":2}},"categories":[2,10],"tags":[134],"class_list":["post-5182","post","type-post","status-publish","format-standard","has-post-thumbnail","hentry","category-accueil","category-vos-droits","tag-heures-supplementaires"],"jetpack_publicize_connections":[],"jetpack_featured_media_url":"https:\/\/i0.wp.com\/foastek.fr\/wp-content\/uploads\/2023\/04\/palais_justice.jpg?fit=805%2C453&ssl=1","jetpack_sharing_enabled":true,"jetpack_shortlink":"https:\/\/wp.me\/p77E1E-1lA","jetpack-related-posts":[],"_links":{"self":[{"href":"https:\/\/foastek.fr\/index.php?rest_route=\/wp\/v2\/posts\/5182","targetHints":{"allow":["GET"]}}],"collection":[{"href":"https:\/\/foastek.fr\/index.php?rest_route=\/wp\/v2\/posts"}],"about":[{"href":"https:\/\/foastek.fr\/index.php?rest_route=\/wp\/v2\/types\/post"}],"author":[{"embeddable":true,"href":"https:\/\/foastek.fr\/index.php?rest_route=\/wp\/v2\/users\/1"}],"replies":[{"embeddable":true,"href":"https:\/\/foastek.fr\/index.php?rest_route=%2Fwp%2Fv2%2Fcomments&post=5182"}],"version-history":[{"count":1,"href":"https:\/\/foastek.fr\/index.php?rest_route=\/wp\/v2\/posts\/5182\/revisions"}],"predecessor-version":[{"id":5183,"href":"https:\/\/foastek.fr\/index.php?rest_route=\/wp\/v2\/posts\/5182\/revisions\/5183"}],"wp:featuredmedia":[{"embeddable":true,"href":"https:\/\/foastek.fr\/index.php?rest_route=\/wp\/v2\/media\/4350"}],"wp:attachment":[{"href":"https:\/\/foastek.fr\/index.php?rest_route=%2Fwp%2Fv2%2Fmedia&parent=5182"}],"wp:term":[{"taxonomy":"category","embeddable":true,"href":"https:\/\/foastek.fr\/index.php?rest_route=%2Fwp%2Fv2%2Fcategories&post=5182"},{"taxonomy":"post_tag","embeddable":true,"href":"https:\/\/foastek.fr\/index.php?rest_route=%2Fwp%2Fv2%2Ftags&post=5182"}],"curies":[{"name":"wp","href":"https:\/\/api.w.org\/{rel}","templated":true}]}}