{"id":5456,"date":"2024-12-12T13:28:38","date_gmt":"2024-12-12T12:28:38","guid":{"rendered":"https:\/\/foastek.fr\/?p=5456"},"modified":"2025-03-06T14:26:04","modified_gmt":"2025-03-06T13:26:04","slug":"astek-negociation-2025-remuneration-frais-professionnels-temps-de-travail-partage-de-la-valeur-ajoutee","status":"publish","type":"post","link":"https:\/\/foastek.fr\/?p=5456","title":{"rendered":"[Astek &#8211; N\u00e9gociation 2025] R\u00e9mun\u00e9ration, Frais professionnels, Temps de travail, Partage de la valeur ajout\u00e9e"},"content":{"rendered":"\n<p>Mardi 17 d\u00e9cembre a eu lieu la 2\u00e8me r\u00e9union sur la n\u00e9gociation des r\u00e9mun\u00e9rations 2025.<\/p>\n\n\n\n<p><strong><em><mark style=\"background-color:rgba(0, 0, 0, 0)\" class=\"has-inline-color has-vivid-red-color\">FO<\/mark><\/em><\/strong> est toujours en attente des informations demand\u00e9es lors de la r\u00e9union du 28 novembre :<\/p>\n\n\n\n<ul class=\"wp-block-list\">\n<li>Un \u00e9tat des lieux \u00e0 fin septembre de l\u2019utilisation de l\u2019enveloppe d\u2019augmentation mise en place par l\u2019employeur (nombre de salari\u00e9s augment\u00e9s depuis le 1er janvier 2024, ventilation par cat\u00e9gorie de la convention collective, ventilation par m\u00e9tier et structure)<\/li>\n\n\n\n<li>Le montant de l\u2019enveloppe d\u00e9pens\u00e9 pour le r\u00e9\u00e9quilibrage des r\u00e9mun\u00e9rations entre les femmes et les hommes<\/li>\n\n\n\n<li>Un pr\u00e9visionnel de l\u2019activit\u00e9 \u00e9conomique de l\u2019UES \u00e0 fin 2024<\/li>\n<\/ul>\n\n\n\n<p>Pour ne pas retarder encore les n\u00e9gociations, <strong><em><mark style=\"background-color:rgba(0, 0, 0, 0)\" class=\"has-inline-color has-vivid-red-color\">FO<\/mark><\/em><\/strong> a d&rsquo;ores et d\u00e9j\u00e0 envoy\u00e9 ses premi\u00e8res revendications.<\/p>\n\n\n\n<div data-wp-interactive=\"core\/file\" class=\"wp-block-file\"><object data-wp-bind--hidden=\"!state.hasPdfPreview\" hidden class=\"wp-block-file__embed\" data=\"http:\/\/foastek.fr\/wp-content\/uploads\/2024\/12\/20241211_RevendicationsFO_NAO2025.pdf\" type=\"application\/pdf\" style=\"width:100%;height:600px\" aria-label=\"Contenu embarqu\u00e9 20241211_RevendicationsFO_NAO2025.\"><\/object><a id=\"wp-block-file--media-1d2abbd4-fc7f-4435-b062-cc654a7c8c06\" href=\"http:\/\/foastek.fr\/wp-content\/uploads\/2024\/12\/20241211_RevendicationsFO_NAO2025.pdf\">20241211_RevendicationsFO_NAO2025<\/a><a href=\"http:\/\/foastek.fr\/wp-content\/uploads\/2024\/12\/20241211_RevendicationsFO_NAO2025.pdf\" class=\"wp-block-file__button wp-element-button\" download aria-describedby=\"wp-block-file--media-1d2abbd4-fc7f-4435-b062-cc654a7c8c06\">T\u00e9l\u00e9charger<\/a><\/div>\n","protected":false},"excerpt":{"rendered":"<div class=\"mh-excerpt\"><p>Mardi 17 d\u00e9cembre a eu lieu la 2\u00e8me r\u00e9union sur la n\u00e9gociation des r\u00e9mun\u00e9rations 2025. FO est toujours en attente des informations demand\u00e9es lors de <a class=\"mh-excerpt-more\" href=\"https:\/\/foastek.fr\/?p=5456\" title=\"[Astek &#8211; N\u00e9gociation 2025] R\u00e9mun\u00e9ration, Frais professionnels, Temps de travail, Partage de la valeur ajout\u00e9e\">[&#8230;]<\/a><\/p>\n<\/div>","protected":false},"author":1,"featured_media":4424,"comment_status":"open","ping_status":"open","sticky":false,"template":"","format":"standard","meta":{"h5ap_radio_sources":[],"jetpack_post_was_ever_published":false,"_jetpack_newsletter_access":"","_jetpack_dont_email_post_to_subs":false,"_jetpack_newsletter_tier_id":0,"_jetpack_memberships_contains_paywalled_content":false,"_jetpack_memberships_contains_paid_content":false,"footnotes":"","jetpack_publicize_message":"","jetpack_publicize_feature_enabled":true,"jetpack_social_post_already_shared":true,"jetpack_social_options":{"image_generator_settings":{"template":"highway","default_image_id":0,"font":"","enabled":false},"version":2}},"categories":[2,256,7],"tags":[20,50,72,118],"class_list":["post-5456","post","type-post","status-publish","format-standard","has-post-thumbnail","hentry","category-accueil","category-astek","category-negociations","tag-astek","tag-fo","tag-negociations","tag-salaires"],"jetpack_publicize_connections":[],"jetpack_featured_media_url":"https:\/\/i0.wp.com\/foastek.fr\/wp-content\/uploads\/2023\/04\/Negociation-Salaires.png?fit=800%2C600&ssl=1","jetpack_sharing_enabled":true,"jetpack_shortlink":"https:\/\/wp.me\/p77E1E-1q0","jetpack-related-posts":[],"_links":{"self":[{"href":"https:\/\/foastek.fr\/index.php?rest_route=\/wp\/v2\/posts\/5456","targetHints":{"allow":["GET"]}}],"collection":[{"href":"https:\/\/foastek.fr\/index.php?rest_route=\/wp\/v2\/posts"}],"about":[{"href":"https:\/\/foastek.fr\/index.php?rest_route=\/wp\/v2\/types\/post"}],"author":[{"embeddable":true,"href":"https:\/\/foastek.fr\/index.php?rest_route=\/wp\/v2\/users\/1"}],"replies":[{"embeddable":true,"href":"https:\/\/foastek.fr\/index.php?rest_route=%2Fwp%2Fv2%2Fcomments&post=5456"}],"version-history":[{"count":2,"href":"https:\/\/foastek.fr\/index.php?rest_route=\/wp\/v2\/posts\/5456\/revisions"}],"predecessor-version":[{"id":5459,"href":"https:\/\/foastek.fr\/index.php?rest_route=\/wp\/v2\/posts\/5456\/revisions\/5459"}],"wp:featuredmedia":[{"embeddable":true,"href":"https:\/\/foastek.fr\/index.php?rest_route=\/wp\/v2\/media\/4424"}],"wp:attachment":[{"href":"https:\/\/foastek.fr\/index.php?rest_route=%2Fwp%2Fv2%2Fmedia&parent=5456"}],"wp:term":[{"taxonomy":"category","embeddable":true,"href":"https:\/\/foastek.fr\/index.php?rest_route=%2Fwp%2Fv2%2Fcategories&post=5456"},{"taxonomy":"post_tag","embeddable":true,"href":"https:\/\/foastek.fr\/index.php?rest_route=%2Fwp%2Fv2%2Ftags&post=5456"}],"curies":[{"name":"wp","href":"https:\/\/api.w.org\/{rel}","templated":true}]}}