{"id":5464,"date":"2025-01-15T14:31:05","date_gmt":"2025-01-15T13:31:05","guid":{"rendered":"http:\/\/foastek.fr\/?p=5464"},"modified":"2025-03-31T22:51:14","modified_gmt":"2025-03-31T21:51:14","slug":"astek-negociation-2025-remuneration-frais-professionnels-temps-de-travail-partage-de-la-valeur-ajoutee-2","status":"publish","type":"post","link":"https:\/\/foastek.fr\/?p=5464","title":{"rendered":"[Astek &#8211; N\u00e9gociation 2025] R\u00e9mun\u00e9ration, Frais professionnels, Temps de travail, Partage de la valeur ajout\u00e9e"},"content":{"rendered":"\n<p>Jeudi 23 janvier a eu lieu la 3\u00e8me r\u00e9union sur la n\u00e9gociation des r\u00e9mun\u00e9rations 2025.<\/p>\n\n\n\n<p>Depuis la derni\u00e8re r\u00e9union, <strong><em><mark style=\"background-color:rgba(0, 0, 0, 0)\" class=\"has-inline-color has-vivid-red-color\">FO<\/mark><\/em><\/strong> n&rsquo;a obtenu que des bribes d&rsquo;informations de la part de la direction par rapport \u00e0 ses demandes documentaires pour affiner ses revendications.<\/p>\n\n\n\n<p><strong><em><mark style=\"background-color:rgba(0, 0, 0, 0)\" class=\"has-inline-color has-vivid-red-color\">FO<\/mark><\/em><\/strong> a propos\u00e9 une revendication sur la mise en place d&rsquo;un temps partiel qui pourrait int\u00e9resser les salari\u00e9s parents de jeunes enfants.<\/p>\n\n\n\n<div data-wp-interactive=\"core\/file\" class=\"wp-block-file\"><object data-wp-bind--hidden=\"!state.hasPdfPreview\" hidden class=\"wp-block-file__embed\" data=\"http:\/\/foastek.fr\/wp-content\/uploads\/2024\/12\/20241211_RevendicationsFO_NAO2025.pdf\" type=\"application\/pdf\" style=\"width:100%;height:600px\" aria-label=\"Contenu embarqu\u00e9 20241211_RevendicationsFO_NAO2025.\"><\/object><a id=\"wp-block-file--media-79b8977c-e927-48f9-925d-96600e45c193\" href=\"http:\/\/foastek.fr\/wp-content\/uploads\/2024\/12\/20241211_RevendicationsFO_NAO2025.pdf\">20241211_RevendicationsFO_NAO2025<\/a><a href=\"http:\/\/foastek.fr\/wp-content\/uploads\/2024\/12\/20241211_RevendicationsFO_NAO2025.pdf\" class=\"wp-block-file__button wp-element-button\" download aria-describedby=\"wp-block-file--media-79b8977c-e927-48f9-925d-96600e45c193\">T\u00e9l\u00e9charger<\/a><\/div>\n","protected":false},"excerpt":{"rendered":"<div class=\"mh-excerpt\"><p>Jeudi 23 janvier a eu lieu la 3\u00e8me r\u00e9union sur la n\u00e9gociation des r\u00e9mun\u00e9rations 2025. Depuis la derni\u00e8re r\u00e9union, FO n&rsquo;a obtenu que des bribes <a class=\"mh-excerpt-more\" href=\"https:\/\/foastek.fr\/?p=5464\" title=\"[Astek &#8211; N\u00e9gociation 2025] R\u00e9mun\u00e9ration, Frais professionnels, Temps de travail, Partage de la valeur ajout\u00e9e\">[&#8230;]<\/a><\/p>\n<\/div>","protected":false},"author":1,"featured_media":4424,"comment_status":"open","ping_status":"open","sticky":false,"template":"","format":"standard","meta":{"h5ap_radio_sources":[],"jetpack_post_was_ever_published":false,"_jetpack_newsletter_access":"","_jetpack_dont_email_post_to_subs":false,"_jetpack_newsletter_tier_id":0,"_jetpack_memberships_contains_paywalled_content":false,"_jetpack_memberships_contains_paid_content":false,"footnotes":"","jetpack_publicize_message":"","jetpack_publicize_feature_enabled":true,"jetpack_social_post_already_shared":true,"jetpack_social_options":{"image_generator_settings":{"template":"highway","default_image_id":0,"font":"","enabled":false},"version":2}},"categories":[2,240,256,7],"tags":[20,50,72,222],"class_list":["post-5464","post","type-post","status-publish","format-standard","has-post-thumbnail","hentry","category-accueil","category-actualite","category-astek","category-negociations","tag-astek","tag-fo","tag-negociations","tag-temps-de-travail"],"jetpack_publicize_connections":[],"jetpack_featured_media_url":"https:\/\/i0.wp.com\/foastek.fr\/wp-content\/uploads\/2023\/04\/Negociation-Salaires.png?fit=800%2C600&ssl=1","jetpack_sharing_enabled":true,"jetpack_shortlink":"https:\/\/wp.me\/p77E1E-1q8","jetpack-related-posts":[],"_links":{"self":[{"href":"https:\/\/foastek.fr\/index.php?rest_route=\/wp\/v2\/posts\/5464","targetHints":{"allow":["GET"]}}],"collection":[{"href":"https:\/\/foastek.fr\/index.php?rest_route=\/wp\/v2\/posts"}],"about":[{"href":"https:\/\/foastek.fr\/index.php?rest_route=\/wp\/v2\/types\/post"}],"author":[{"embeddable":true,"href":"https:\/\/foastek.fr\/index.php?rest_route=\/wp\/v2\/users\/1"}],"replies":[{"embeddable":true,"href":"https:\/\/foastek.fr\/index.php?rest_route=%2Fwp%2Fv2%2Fcomments&post=5464"}],"version-history":[{"count":4,"href":"https:\/\/foastek.fr\/index.php?rest_route=\/wp\/v2\/posts\/5464\/revisions"}],"predecessor-version":[{"id":5602,"href":"https:\/\/foastek.fr\/index.php?rest_route=\/wp\/v2\/posts\/5464\/revisions\/5602"}],"wp:featuredmedia":[{"embeddable":true,"href":"https:\/\/foastek.fr\/index.php?rest_route=\/wp\/v2\/media\/4424"}],"wp:attachment":[{"href":"https:\/\/foastek.fr\/index.php?rest_route=%2Fwp%2Fv2%2Fmedia&parent=5464"}],"wp:term":[{"taxonomy":"category","embeddable":true,"href":"https:\/\/foastek.fr\/index.php?rest_route=%2Fwp%2Fv2%2Fcategories&post=5464"},{"taxonomy":"post_tag","embeddable":true,"href":"https:\/\/foastek.fr\/index.php?rest_route=%2Fwp%2Fv2%2Ftags&post=5464"}],"curies":[{"name":"wp","href":"https:\/\/api.w.org\/{rel}","templated":true}]}}