{"id":5484,"date":"2025-01-02T16:36:26","date_gmt":"2025-01-02T15:36:26","guid":{"rendered":"http:\/\/foastek.fr\/?p=5484"},"modified":"2025-03-06T16:38:03","modified_gmt":"2025-03-06T15:38:03","slug":"plafond-mensuel-de-la-securite-sociale-2025","status":"publish","type":"post","link":"https:\/\/foastek.fr\/?p=5484","title":{"rendered":"Plafond Mensuel de la S\u00e9curit\u00e9 Sociale 2025"},"content":{"rendered":"\n<p>Le plafond de la s\u00e9curit\u00e9 sociale pour 2025 a \u00e9t\u00e9 fix\u00e9 par un arr\u00eat\u00e9 publi\u00e9 au Journal officiel du 29\u00a0d\u00e9cembre\u00a02024. <\/p>\n\n\n\n<p>Le plafond mensuel de la s\u00e9curit\u00e9 sociale est de <strong>3\u2009925\u00a0\u20ac<\/strong> pour 2025.<\/p>\n","protected":false},"excerpt":{"rendered":"<div class=\"mh-excerpt\"><p>Le plafond de la s\u00e9curit\u00e9 sociale pour 2025 a \u00e9t\u00e9 fix\u00e9 par un arr\u00eat\u00e9 publi\u00e9 au Journal officiel du 29\u00a0d\u00e9cembre\u00a02024. Le plafond mensuel de la <a class=\"mh-excerpt-more\" href=\"https:\/\/foastek.fr\/?p=5484\" title=\"Plafond Mensuel de la S\u00e9curit\u00e9 Sociale 2025\">[&#8230;]<\/a><\/p>\n<\/div>","protected":false},"author":1,"featured_media":0,"comment_status":"open","ping_status":"open","sticky":false,"template":"","format":"standard","meta":{"h5ap_radio_sources":[],"jetpack_post_was_ever_published":false,"_jetpack_newsletter_access":"","_jetpack_dont_email_post_to_subs":false,"_jetpack_newsletter_tier_id":0,"_jetpack_memberships_contains_paywalled_content":false,"_jetpack_memberships_contains_paid_content":false,"footnotes":"","jetpack_publicize_message":"","jetpack_publicize_feature_enabled":true,"jetpack_social_post_already_shared":true,"jetpack_social_options":{"image_generator_settings":{"template":"highway","default_image_id":0,"font":"","enabled":false},"version":2}},"categories":[2,240,10],"tags":[62],"class_list":["post-5484","post","type-post","status-publish","format-standard","hentry","category-accueil","category-actualite","category-vos-droits","tag-pmss"],"jetpack_publicize_connections":[],"jetpack_featured_media_url":"","jetpack_sharing_enabled":true,"jetpack_shortlink":"https:\/\/wp.me\/p77E1E-1qs","jetpack-related-posts":[],"_links":{"self":[{"href":"https:\/\/foastek.fr\/index.php?rest_route=\/wp\/v2\/posts\/5484","targetHints":{"allow":["GET"]}}],"collection":[{"href":"https:\/\/foastek.fr\/index.php?rest_route=\/wp\/v2\/posts"}],"about":[{"href":"https:\/\/foastek.fr\/index.php?rest_route=\/wp\/v2\/types\/post"}],"author":[{"embeddable":true,"href":"https:\/\/foastek.fr\/index.php?rest_route=\/wp\/v2\/users\/1"}],"replies":[{"embeddable":true,"href":"https:\/\/foastek.fr\/index.php?rest_route=%2Fwp%2Fv2%2Fcomments&post=5484"}],"version-history":[{"count":1,"href":"https:\/\/foastek.fr\/index.php?rest_route=\/wp\/v2\/posts\/5484\/revisions"}],"predecessor-version":[{"id":5485,"href":"https:\/\/foastek.fr\/index.php?rest_route=\/wp\/v2\/posts\/5484\/revisions\/5485"}],"wp:attachment":[{"href":"https:\/\/foastek.fr\/index.php?rest_route=%2Fwp%2Fv2%2Fmedia&parent=5484"}],"wp:term":[{"taxonomy":"category","embeddable":true,"href":"https:\/\/foastek.fr\/index.php?rest_route=%2Fwp%2Fv2%2Fcategories&post=5484"},{"taxonomy":"post_tag","embeddable":true,"href":"https:\/\/foastek.fr\/index.php?rest_route=%2Fwp%2Fv2%2Ftags&post=5484"}],"curies":[{"name":"wp","href":"https:\/\/api.w.org\/{rel}","templated":true}]}}