{"id":5488,"date":"2025-01-13T17:00:12","date_gmt":"2025-01-13T16:00:12","guid":{"rendered":"http:\/\/foastek.fr\/?p=5488"},"modified":"2025-03-06T17:01:15","modified_gmt":"2025-03-06T16:01:15","slug":"compte-personnel-de-formation-revalorisation-du-reste-a-charge-pour-lannee-2025","status":"publish","type":"post","link":"https:\/\/foastek.fr\/?p=5488","title":{"rendered":"Compte personnel de formation : revalorisation du reste \u00e0 charge pour l\u2019ann\u00e9e 2025"},"content":{"rendered":"\n<p><span style=\"text-decoration: underline;\">Rappel<\/span><\/p>\n\n\n\n<p>Depuis 2024, le titulaire d\u2019un CPF doit s\u2019acquitter d\u2019un \u00ab\u00a0reste \u00e0 charge\u00a0\u00bb en cas d\u2019utilisation de son compte pour financer une formation (c. trav. <a href=\"https:\/\/rfsocial.grouperf.com\/lien_spad\/?base=LEGI&amp;orig=REVUE_RF_FH&amp;code=LEGITEXT000006072050&amp;numero=L6323-4&amp;idspad=LEGIARTI000049423585\" target=\"_blank\" rel=\"noreferrer noopener\">art. L. 6323-4<\/a> et <a href=\"https:\/\/rfsocial.grouperf.com\/lien_spad\/?base=LEGI&amp;orig=REVUE_RF_FH&amp;code=LEGITEXT000006072050&amp;numero=L6323-7&amp;idspad=LEGIARTI000046873599\" target=\"_blank\" rel=\"noreferrer noopener\">L. 6323-7<\/a>) sauf cas particuliers.<\/p>\n\n\n\n<p>Ce reste \u00e0 charge prend la forme d&rsquo;une somme forfaitaire. <\/p>\n\n\n\n<p>Il est pr\u00e9vu que ce montant est revaloris\u00e9 chaque 1<sup>er<\/sup>\u00a0janvier par arr\u00eat\u00e9 (c. trav. <a href=\"https:\/\/rfsocial.grouperf.com\/lien_spad\/?base=LEGI&amp;orig=REVUE_RF_FH&amp;code=LEGITEXT000006072050&amp;numero=R6323&amp;idspad=LEGIARTI000049488983\" target=\"_blank\" rel=\"noreferrer noopener\">art. R. 6323<\/a>).<\/p>\n\n\n\n<p><span style=\"text-decoration: underline;\">Cas particuliers<\/span><\/p>\n\n\n\n<p><strong>Certaines personnes sont exon\u00e9r\u00e9es<\/strong> de participation obligatoire (c. trav. <a href=\"https:\/\/rfsocial.grouperf.com\/lien_spad\/?base=LEGI&amp;orig=REVUE_RF_FH&amp;code=LEGITEXT000006072050&amp;numero=L6323-7&amp;idspad=LEGIARTI000046873599\" target=\"_blank\" rel=\"noreferrer noopener\">art. L. 6323-7<\/a> et <a href=\"https:\/\/rfsocial.grouperf.com\/lien_spad\/?base=LEGI&amp;orig=REVUE_RF_FH&amp;code=LEGITEXT000006072050&amp;numero=R6323&amp;idspad=LEGIARTI000049488983\" target=\"_blank\" rel=\"noreferrer noopener\">R. 6323<\/a>)\u00a0:<\/p>\n\n\n\n<ul class=\"wp-block-list\">\n<li>les demandeurs d\u2019emploi\u00a0;<\/li>\n\n\n\n<li>les titulaires qui b\u00e9n\u00e9ficient d\u2019un abondement de leur employeur\u00a0;<\/li>\n\n\n\n<li>les titulaires qui b\u00e9n\u00e9ficient d\u2019un abondement en application d\u2019un accord d\u2019entreprise, de groupe ou de branche ou de la part de leur OPCO\u00a0;<\/li>\n\n\n\n<li>les titulaires qui mobilisent les points inscrits sur leur compte professionnel de pr\u00e9vention (C2P, ex-compte p\u00e9nibilit\u00e9) pour financer une formation en vue d\u2019acc\u00e9der \u00e0 un emploi non expos\u00e9 ou moins expos\u00e9 aux facteurs de risques professionnels couverts par le C2P (c. trav. <a href=\"https:\/\/rfsocial.grouperf.com\/lien_spad\/?base=LEGI&amp;orig=REVUE_RF_FH&amp;code=LEGITEXT000006072050&amp;numero=L4163-8&amp;idspad=LEGIARTI000035631188\" target=\"_blank\" rel=\"noreferrer noopener\">art. L. 4163-8<\/a>)\u00a0;<\/li>\n\n\n\n<li>les titulaires, victimes d\u2019un accident du travail ou d\u2019une maladie professionnelle et atteints d&rsquo;un taux d\u2019incapacit\u00e9 permanente d\u2019au moins 10\u00a0%, qui b\u00e9n\u00e9ficient d\u2019un abondement au titre de la reconversion professionnelle (c. s\u00e9c. soc. <a href=\"https:\/\/rfsocial.grouperf.com\/lien_spad\/?base=LEGI&amp;orig=REVUE_RF_FH&amp;code=LEGITEXT000006073189&amp;numero=L432-12&amp;idspad=LEGIARTI000035624390\" target=\"_blank\" rel=\"noreferrer noopener\">art. L. 432-12<\/a> et <a href=\"https:\/\/rfsocial.grouperf.com\/lien_spad\/?base=LEGI&amp;orig=REVUE_RF_FH&amp;code=LEGITEXT000006073189&amp;numero=D432-15&amp;idspad=LEGIARTI000036415500\" target=\"_blank\" rel=\"noreferrer noopener\">D. 432-15<\/a>).<\/li>\n<\/ul>\n\n\n\n<p><span style=\"text-decoration: underline;\">2025<\/span><\/p>\n\n\n\n<p>Les personnes titulaires d\u2019un compte personnel de formation (CPF) qui utilisent leur compte pour financer une formation doivent s\u2019acquitter d\u2019un reste \u00e0 charge. Son montant est revaloris\u00e9 au 1<sup>er<\/sup>\u00a0janvier 2025 \u00e0 102,23\u00a0\u20ac.<\/p>\n","protected":false},"excerpt":{"rendered":"<div class=\"mh-excerpt\"><p>Rappel Depuis 2024, le titulaire d\u2019un CPF doit s\u2019acquitter d\u2019un \u00ab\u00a0reste \u00e0 charge\u00a0\u00bb en cas d\u2019utilisation de son compte pour financer une formation (c. trav. <a class=\"mh-excerpt-more\" href=\"https:\/\/foastek.fr\/?p=5488\" title=\"Compte personnel de formation : revalorisation du reste \u00e0 charge pour l\u2019ann\u00e9e 2025\">[&#8230;]<\/a><\/p>\n<\/div>","protected":false},"author":1,"featured_media":5040,"comment_status":"open","ping_status":"open","sticky":false,"template":"","format":"standard","meta":{"h5ap_radio_sources":[],"jetpack_post_was_ever_published":false,"_jetpack_newsletter_access":"","_jetpack_dont_email_post_to_subs":false,"_jetpack_newsletter_tier_id":0,"_jetpack_memberships_contains_paywalled_content":false,"_jetpack_memberships_contains_paid_content":false,"footnotes":"","jetpack_publicize_message":"","jetpack_publicize_feature_enabled":true,"jetpack_social_post_already_shared":true,"jetpack_social_options":{"image_generator_settings":{"template":"highway","default_image_id":0,"font":"","enabled":false},"version":2}},"categories":[2,240,10],"tags":[394],"class_list":["post-5488","post","type-post","status-publish","format-standard","has-post-thumbnail","hentry","category-accueil","category-actualite","category-vos-droits","tag-cpf"],"jetpack_publicize_connections":[],"jetpack_featured_media_url":"https:\/\/i0.wp.com\/foastek.fr\/wp-content\/uploads\/2024\/03\/megaphone-loudspeaker-making-announcement-vector-4225410724.jpg?fit=2520%2C1960&ssl=1","jetpack_sharing_enabled":true,"jetpack_shortlink":"https:\/\/wp.me\/p77E1E-1qw","jetpack-related-posts":[],"_links":{"self":[{"href":"https:\/\/foastek.fr\/index.php?rest_route=\/wp\/v2\/posts\/5488","targetHints":{"allow":["GET"]}}],"collection":[{"href":"https:\/\/foastek.fr\/index.php?rest_route=\/wp\/v2\/posts"}],"about":[{"href":"https:\/\/foastek.fr\/index.php?rest_route=\/wp\/v2\/types\/post"}],"author":[{"embeddable":true,"href":"https:\/\/foastek.fr\/index.php?rest_route=\/wp\/v2\/users\/1"}],"replies":[{"embeddable":true,"href":"https:\/\/foastek.fr\/index.php?rest_route=%2Fwp%2Fv2%2Fcomments&post=5488"}],"version-history":[{"count":1,"href":"https:\/\/foastek.fr\/index.php?rest_route=\/wp\/v2\/posts\/5488\/revisions"}],"predecessor-version":[{"id":5489,"href":"https:\/\/foastek.fr\/index.php?rest_route=\/wp\/v2\/posts\/5488\/revisions\/5489"}],"wp:featuredmedia":[{"embeddable":true,"href":"https:\/\/foastek.fr\/index.php?rest_route=\/wp\/v2\/media\/5040"}],"wp:attachment":[{"href":"https:\/\/foastek.fr\/index.php?rest_route=%2Fwp%2Fv2%2Fmedia&parent=5488"}],"wp:term":[{"taxonomy":"category","embeddable":true,"href":"https:\/\/foastek.fr\/index.php?rest_route=%2Fwp%2Fv2%2Fcategories&post=5488"},{"taxonomy":"post_tag","embeddable":true,"href":"https:\/\/foastek.fr\/index.php?rest_route=%2Fwp%2Fv2%2Ftags&post=5488"}],"curies":[{"name":"wp","href":"https:\/\/api.w.org\/{rel}","templated":true}]}}