{"id":5492,"date":"2025-01-27T17:17:04","date_gmt":"2025-01-27T16:17:04","guid":{"rendered":"http:\/\/foastek.fr\/?p=5492"},"modified":"2025-03-06T17:27:32","modified_gmt":"2025-03-06T16:27:32","slug":"harcelement-moral-institutionnel-les-lecons-de-laffaire-france-telecom","status":"publish","type":"post","link":"https:\/\/foastek.fr\/?p=5492","title":{"rendered":"Harc\u00e8lement moral institutionnel\u00a0: les le\u00e7ons de l\u2019affaire France Telecom"},"content":{"rendered":"\n<p>Dans un arr\u00eat du 21&nbsp;janvier&nbsp;2025 concernant l&rsquo;affaire \u00ab&nbsp;France Telecom&nbsp;\u00bb, la chambre criminelle de la Cour de cassation reconna\u00eet pour le condamner le harc\u00e8lement moral institutionnel. Ainsi, des dirigeants ont pu \u00eatre sanctionn\u00e9s au p\u00e9nal pour avoir commis un harc\u00e8lement r\u00e9sultant de la politique de l\u2019entreprise conduisant, en toute connaissance de cause, \u00e0 la d\u00e9gradation des conditions de travail des salari\u00e9s.<\/p>\n\n\n\n<p>R\u00e9f\u00e9rence : Cass. crim. 21 janvier 2025, n\u00b0 22-87145 FSBR<\/p>\n\n\n\n<p>Lien : https:\/\/www.courdecassation.fr\/decision\/678f6a5a29d9a5b0535ebb19<\/p>\n","protected":false},"excerpt":{"rendered":"<div class=\"mh-excerpt\"><p>Dans un arr\u00eat du 21&nbsp;janvier&nbsp;2025 concernant l&rsquo;affaire \u00ab&nbsp;France Telecom&nbsp;\u00bb, la chambre criminelle de la Cour de cassation reconna\u00eet pour le condamner le harc\u00e8lement moral institutionnel. <a class=\"mh-excerpt-more\" href=\"https:\/\/foastek.fr\/?p=5492\" title=\"Harc\u00e8lement moral institutionnel\u00a0: les le\u00e7ons de l\u2019affaire France Telecom\">[&#8230;]<\/a><\/p>\n<\/div>","protected":false},"author":1,"featured_media":4350,"comment_status":"open","ping_status":"open","sticky":false,"template":"","format":"standard","meta":{"h5ap_radio_sources":[],"jetpack_post_was_ever_published":false,"_jetpack_newsletter_access":"","_jetpack_dont_email_post_to_subs":false,"_jetpack_newsletter_tier_id":0,"_jetpack_memberships_contains_paywalled_content":false,"_jetpack_memberships_contains_paid_content":false,"footnotes":"","jetpack_publicize_message":"","jetpack_publicize_feature_enabled":true,"jetpack_social_post_already_shared":true,"jetpack_social_options":{"image_generator_settings":{"template":"highway","default_image_id":0,"font":"","enabled":false},"version":2}},"categories":[2,240,10],"tags":[84,149],"class_list":["post-5492","post","type-post","status-publish","format-standard","has-post-thumbnail","hentry","category-accueil","category-actualite","category-vos-droits","tag-harcelement","tag-justice"],"jetpack_publicize_connections":[],"jetpack_featured_media_url":"https:\/\/i0.wp.com\/foastek.fr\/wp-content\/uploads\/2023\/04\/palais_justice.jpg?fit=805%2C453&ssl=1","jetpack_sharing_enabled":true,"jetpack_shortlink":"https:\/\/wp.me\/p77E1E-1qA","jetpack-related-posts":[],"_links":{"self":[{"href":"https:\/\/foastek.fr\/index.php?rest_route=\/wp\/v2\/posts\/5492","targetHints":{"allow":["GET"]}}],"collection":[{"href":"https:\/\/foastek.fr\/index.php?rest_route=\/wp\/v2\/posts"}],"about":[{"href":"https:\/\/foastek.fr\/index.php?rest_route=\/wp\/v2\/types\/post"}],"author":[{"embeddable":true,"href":"https:\/\/foastek.fr\/index.php?rest_route=\/wp\/v2\/users\/1"}],"replies":[{"embeddable":true,"href":"https:\/\/foastek.fr\/index.php?rest_route=%2Fwp%2Fv2%2Fcomments&post=5492"}],"version-history":[{"count":1,"href":"https:\/\/foastek.fr\/index.php?rest_route=\/wp\/v2\/posts\/5492\/revisions"}],"predecessor-version":[{"id":5493,"href":"https:\/\/foastek.fr\/index.php?rest_route=\/wp\/v2\/posts\/5492\/revisions\/5493"}],"wp:featuredmedia":[{"embeddable":true,"href":"https:\/\/foastek.fr\/index.php?rest_route=\/wp\/v2\/media\/4350"}],"wp:attachment":[{"href":"https:\/\/foastek.fr\/index.php?rest_route=%2Fwp%2Fv2%2Fmedia&parent=5492"}],"wp:term":[{"taxonomy":"category","embeddable":true,"href":"https:\/\/foastek.fr\/index.php?rest_route=%2Fwp%2Fv2%2Fcategories&post=5492"},{"taxonomy":"post_tag","embeddable":true,"href":"https:\/\/foastek.fr\/index.php?rest_route=%2Fwp%2Fv2%2Ftags&post=5492"}],"curies":[{"name":"wp","href":"https:\/\/api.w.org\/{rel}","templated":true}]}}