{"id":5505,"date":"2025-03-03T11:15:07","date_gmt":"2025-03-03T10:15:07","guid":{"rendered":"http:\/\/foastek.fr\/?p=5505"},"modified":"2025-03-28T16:50:43","modified_gmt":"2025-03-28T15:50:43","slug":"astek-negociation-dun-avenant-sur-le-teletravail","status":"publish","type":"post","link":"https:\/\/foastek.fr\/?p=5505","title":{"rendered":"[Astek] N\u00e9gociation d&rsquo;un avenant sur le t\u00e9l\u00e9travail"},"content":{"rendered":"\n<p>Mardi 4 mars a eu lieu la 2\u00e8me r\u00e9union sur la n\u00e9gociation d&rsquo;un avenant.<\/p>\n\n\n\n<p><strong><em><mark style=\"background-color:rgba(0, 0, 0, 0)\" class=\"has-inline-color has-vivid-red-color\">FO<\/mark><\/em><\/strong> a \u00e9t\u00e9 le seul syndicat a pr\u00e9sent\u00e9 ses 1\u00e8res revendications dont vous pouvez trouver le d\u00e9tail ci-dessous.<\/p>\n\n\n\n<div data-wp-interactive=\"core\/file\" class=\"wp-block-file\"><object data-wp-bind--hidden=\"!state.hasPdfPreview\" hidden class=\"wp-block-file__embed\" data=\"http:\/\/foastek.fr\/wp-content\/uploads\/2025\/03\/20250226_RevendicationsFO_Avenant_Teletravail.pdf\" type=\"application\/pdf\" style=\"width:100%;height:600px\" aria-label=\"Contenu embarqu\u00e9 20250226_RevendicationsFO_Avenant_T\u00e9l\u00e9travail.\"><\/object><a id=\"wp-block-file--media-49eacb76-a031-4232-bb7c-6f7f29b1d0ba\" href=\"http:\/\/foastek.fr\/wp-content\/uploads\/2025\/03\/20250226_RevendicationsFO_Avenant_Teletravail.pdf\">20250226_RevendicationsFO_Avenant_T\u00e9l\u00e9travail<\/a><a href=\"http:\/\/foastek.fr\/wp-content\/uploads\/2025\/03\/20250226_RevendicationsFO_Avenant_Teletravail.pdf\" class=\"wp-block-file__button wp-element-button\" download aria-describedby=\"wp-block-file--media-49eacb76-a031-4232-bb7c-6f7f29b1d0ba\">T\u00e9l\u00e9charger<\/a><\/div>\n","protected":false},"excerpt":{"rendered":"<div class=\"mh-excerpt\"><p>Mardi 4 mars a eu lieu la 2\u00e8me r\u00e9union sur la n\u00e9gociation d&rsquo;un avenant. FO a \u00e9t\u00e9 le seul syndicat a pr\u00e9sent\u00e9 ses 1\u00e8res revendications <a class=\"mh-excerpt-more\" href=\"https:\/\/foastek.fr\/?p=5505\" title=\"[Astek] N\u00e9gociation d&rsquo;un avenant sur le t\u00e9l\u00e9travail\">[&#8230;]<\/a><\/p>\n<\/div>","protected":false},"author":1,"featured_media":4421,"comment_status":"open","ping_status":"open","sticky":false,"template":"","format":"standard","meta":{"h5ap_radio_sources":[],"jetpack_post_was_ever_published":false,"_jetpack_newsletter_access":"","_jetpack_dont_email_post_to_subs":false,"_jetpack_newsletter_tier_id":0,"_jetpack_memberships_contains_paywalled_content":false,"_jetpack_memberships_contains_paid_content":false,"footnotes":"","jetpack_publicize_message":"","jetpack_publicize_feature_enabled":true,"jetpack_social_post_already_shared":true,"jetpack_social_options":{"image_generator_settings":{"template":"highway","default_image_id":0,"font":"","enabled":false},"version":2}},"categories":[2,240,256,7,10],"tags":[20,50,72,37],"class_list":["post-5505","post","type-post","status-publish","format-standard","has-post-thumbnail","hentry","category-accueil","category-actualite","category-astek","category-negociations","category-vos-droits","tag-astek","tag-fo","tag-negociations","tag-teletravail"],"jetpack_publicize_connections":[],"jetpack_featured_media_url":"https:\/\/i0.wp.com\/foastek.fr\/wp-content\/uploads\/2023\/04\/Negociation-Teletravail.png?fit=800%2C600&ssl=1","jetpack_sharing_enabled":true,"jetpack_shortlink":"https:\/\/wp.me\/p77E1E-1qN","jetpack-related-posts":[],"_links":{"self":[{"href":"https:\/\/foastek.fr\/index.php?rest_route=\/wp\/v2\/posts\/5505","targetHints":{"allow":["GET"]}}],"collection":[{"href":"https:\/\/foastek.fr\/index.php?rest_route=\/wp\/v2\/posts"}],"about":[{"href":"https:\/\/foastek.fr\/index.php?rest_route=\/wp\/v2\/types\/post"}],"author":[{"embeddable":true,"href":"https:\/\/foastek.fr\/index.php?rest_route=\/wp\/v2\/users\/1"}],"replies":[{"embeddable":true,"href":"https:\/\/foastek.fr\/index.php?rest_route=%2Fwp%2Fv2%2Fcomments&post=5505"}],"version-history":[{"count":3,"href":"https:\/\/foastek.fr\/index.php?rest_route=\/wp\/v2\/posts\/5505\/revisions"}],"predecessor-version":[{"id":5567,"href":"https:\/\/foastek.fr\/index.php?rest_route=\/wp\/v2\/posts\/5505\/revisions\/5567"}],"wp:featuredmedia":[{"embeddable":true,"href":"https:\/\/foastek.fr\/index.php?rest_route=\/wp\/v2\/media\/4421"}],"wp:attachment":[{"href":"https:\/\/foastek.fr\/index.php?rest_route=%2Fwp%2Fv2%2Fmedia&parent=5505"}],"wp:term":[{"taxonomy":"category","embeddable":true,"href":"https:\/\/foastek.fr\/index.php?rest_route=%2Fwp%2Fv2%2Fcategories&post=5505"},{"taxonomy":"post_tag","embeddable":true,"href":"https:\/\/foastek.fr\/index.php?rest_route=%2Fwp%2Fv2%2Ftags&post=5505"}],"curies":[{"name":"wp","href":"https:\/\/api.w.org\/{rel}","templated":true}]}}