{"id":5536,"date":"2025-03-26T08:59:50","date_gmt":"2025-03-26T07:59:50","guid":{"rendered":"https:\/\/foastek.fr\/?p=5536"},"modified":"2025-03-27T10:26:04","modified_gmt":"2025-03-27T09:26:04","slug":"astek-negociation-qvt-egalite-professionnelle","status":"publish","type":"post","link":"https:\/\/foastek.fr\/?p=5536","title":{"rendered":"[Astek] N\u00e9gociation QVT-Egalit\u00e9 Professionnelle"},"content":{"rendered":"\n<p>En vue de la r\u00e9union de n\u00e9gociation sur l&rsquo;\u00e9galit\u00e9 professionnelle, <strong><em><mark style=\"background-color:rgba(0, 0, 0, 0)\" class=\"has-inline-color has-vivid-red-color\">FO<\/mark><\/em><\/strong> a envoy\u00e9e ses 1\u00e8res revendications.<\/p>\n\n\n\n<div data-wp-interactive=\"core\/file\" class=\"wp-block-file\"><object data-wp-bind--hidden=\"!state.hasPdfPreview\" hidden class=\"wp-block-file__embed\" data=\"https:\/\/foastek.fr\/wp-content\/uploads\/2025\/03\/20250326_RevendicationsFO_EgaliteProfessionnelle.pdf\" type=\"application\/pdf\" style=\"width:100%;height:600px\" aria-label=\"Contenu embarqu\u00e9 20250326_RevendicationsFO_EgaliteProfessionnelle.\"><\/object><a id=\"wp-block-file--media-f35227c3-02d9-4e58-8655-c434e0c2cb92\" href=\"https:\/\/foastek.fr\/wp-content\/uploads\/2025\/03\/20250326_RevendicationsFO_EgaliteProfessionnelle.pdf\">20250326_RevendicationsFO_EgaliteProfessionnelle<\/a><a href=\"https:\/\/foastek.fr\/wp-content\/uploads\/2025\/03\/20250326_RevendicationsFO_EgaliteProfessionnelle.pdf\" class=\"wp-block-file__button wp-element-button\" download aria-describedby=\"wp-block-file--media-f35227c3-02d9-4e58-8655-c434e0c2cb92\">T\u00e9l\u00e9charger<\/a><\/div>\n","protected":false},"excerpt":{"rendered":"<div class=\"mh-excerpt\"><p>En vue de la r\u00e9union de n\u00e9gociation sur l&rsquo;\u00e9galit\u00e9 professionnelle, FO a envoy\u00e9e ses 1\u00e8res revendications.<\/p>\n<\/div>","protected":false},"author":1,"featured_media":4423,"comment_status":"open","ping_status":"open","sticky":false,"template":"","format":"standard","meta":{"h5ap_radio_sources":[],"jetpack_post_was_ever_published":false,"_jetpack_newsletter_access":"","_jetpack_dont_email_post_to_subs":false,"_jetpack_newsletter_tier_id":0,"_jetpack_memberships_contains_paywalled_content":false,"_jetpack_memberships_contains_paid_content":false,"footnotes":"","jetpack_publicize_message":"","jetpack_publicize_feature_enabled":true,"jetpack_social_post_already_shared":true,"jetpack_social_options":{"image_generator_settings":{"template":"highway","default_image_id":0,"font":"","enabled":false},"version":2}},"categories":[2,256,7,10],"tags":[20,41,50,72],"class_list":["post-5536","post","type-post","status-publish","format-standard","has-post-thumbnail","hentry","category-accueil","category-astek","category-negociations","category-vos-droits","tag-astek","tag-egalite-professionnelle","tag-fo","tag-negociations"],"jetpack_publicize_connections":[],"jetpack_featured_media_url":"https:\/\/i0.wp.com\/foastek.fr\/wp-content\/uploads\/2023\/04\/Negociation-EgaliteProf-QVT.png?fit=800%2C600&ssl=1","jetpack_sharing_enabled":true,"jetpack_shortlink":"https:\/\/wp.me\/p77E1E-1ri","jetpack-related-posts":[],"_links":{"self":[{"href":"https:\/\/foastek.fr\/index.php?rest_route=\/wp\/v2\/posts\/5536","targetHints":{"allow":["GET"]}}],"collection":[{"href":"https:\/\/foastek.fr\/index.php?rest_route=\/wp\/v2\/posts"}],"about":[{"href":"https:\/\/foastek.fr\/index.php?rest_route=\/wp\/v2\/types\/post"}],"author":[{"embeddable":true,"href":"https:\/\/foastek.fr\/index.php?rest_route=\/wp\/v2\/users\/1"}],"replies":[{"embeddable":true,"href":"https:\/\/foastek.fr\/index.php?rest_route=%2Fwp%2Fv2%2Fcomments&post=5536"}],"version-history":[{"count":1,"href":"https:\/\/foastek.fr\/index.php?rest_route=\/wp\/v2\/posts\/5536\/revisions"}],"predecessor-version":[{"id":5538,"href":"https:\/\/foastek.fr\/index.php?rest_route=\/wp\/v2\/posts\/5536\/revisions\/5538"}],"wp:featuredmedia":[{"embeddable":true,"href":"https:\/\/foastek.fr\/index.php?rest_route=\/wp\/v2\/media\/4423"}],"wp:attachment":[{"href":"https:\/\/foastek.fr\/index.php?rest_route=%2Fwp%2Fv2%2Fmedia&parent=5536"}],"wp:term":[{"taxonomy":"category","embeddable":true,"href":"https:\/\/foastek.fr\/index.php?rest_route=%2Fwp%2Fv2%2Fcategories&post=5536"},{"taxonomy":"post_tag","embeddable":true,"href":"https:\/\/foastek.fr\/index.php?rest_route=%2Fwp%2Fv2%2Ftags&post=5536"}],"curies":[{"name":"wp","href":"https:\/\/api.w.org\/{rel}","templated":true}]}}