{"id":5550,"date":"2025-03-27T13:30:23","date_gmt":"2025-03-27T12:30:23","guid":{"rendered":"https:\/\/foastek.fr\/?p=5550"},"modified":"2025-03-27T14:04:16","modified_gmt":"2025-03-27T13:04:16","slug":"astek-premiers-echanges-sur-la-negociation-egalite-professionnelle","status":"publish","type":"post","link":"https:\/\/foastek.fr\/?p=5550","title":{"rendered":"[Astek] Premiers \u00e9changes sur la n\u00e9gociation Egalit\u00e9 Professionnelle"},"content":{"rendered":"\n<p>La direction introduit la r\u00e9union en disant qu&rsquo;elle consid\u00e8re qu&rsquo;il n&rsquo;y a rien \u00e0 faire concernant l&rsquo;\u00e9galit\u00e9 professionnelle et n&rsquo;a donc propos\u00e9 aucun sujet \u00e0 discuter. La direction attend seulement que les syndicats fassent des revendications.<\/p>\n\n\n\n<p>Ce jour, <strong><em><mark style=\"background-color:rgba(0, 0, 0, 0)\" class=\"has-inline-color has-vivid-red-color\">FO<\/mark><\/em><\/strong> est le seul syndicat a propos\u00e9 des revendications (voir notre billet pr\u00e9c\u00e9dente).<\/p>\n\n\n\n<p>Si la direction trouve que nombreuses propositions de <strong><em><mark style=\"background-color:rgba(0, 0, 0, 0)\" class=\"has-inline-color has-vivid-red-color\">FO<\/mark><\/em><\/strong> sont int\u00e9ressantes, elle indique cependant :<\/p>\n\n\n\n<ul class=\"wp-block-list\">\n<li>qu&rsquo;elle ne trouve d&rsquo;int\u00e9r\u00eat \u00e0 publier sur l&rsquo;intranet de l&rsquo;entreprise la grille des salaires \u00e0 l&#8217;embauche, le salaire moyen pour chaque position et tranche d&rsquo;anciennet\u00e9 ;<\/li>\n\n\n\n<li>qu&rsquo;il n&rsquo;existe ni organigramme organisationnel, ni organigramme op\u00e9rationnel ni de fiches de poste pour les m\u00e9tiers.<\/li>\n<\/ul>\n\n\n\n<p><strong><em><mark style=\"background-color:rgba(0, 0, 0, 0)\" class=\"has-inline-color has-vivid-red-color\">FO<\/mark><\/em><\/strong> esp\u00e8re que la direction apportera des r\u00e9ponses motiv\u00e9es plus d\u00e9taill\u00e9es lors de la prochaine r\u00e9union pr\u00e9vue le 3 avril.<\/p>\n","protected":false},"excerpt":{"rendered":"<div class=\"mh-excerpt\"><p>La direction introduit la r\u00e9union en disant qu&rsquo;elle consid\u00e8re qu&rsquo;il n&rsquo;y a rien \u00e0 faire concernant l&rsquo;\u00e9galit\u00e9 professionnelle et n&rsquo;a donc propos\u00e9 aucun sujet \u00e0 <a class=\"mh-excerpt-more\" href=\"https:\/\/foastek.fr\/?p=5550\" title=\"[Astek] Premiers \u00e9changes sur la n\u00e9gociation Egalit\u00e9 Professionnelle\">[&#8230;]<\/a><\/p>\n<\/div>","protected":false},"author":1,"featured_media":5040,"comment_status":"open","ping_status":"open","sticky":false,"template":"","format":"standard","meta":{"h5ap_radio_sources":[],"jetpack_post_was_ever_published":false,"_jetpack_newsletter_access":"","_jetpack_dont_email_post_to_subs":false,"_jetpack_newsletter_tier_id":0,"_jetpack_memberships_contains_paywalled_content":false,"_jetpack_memberships_contains_paid_content":false,"footnotes":"","jetpack_publicize_message":"","jetpack_publicize_feature_enabled":true,"jetpack_social_post_already_shared":true,"jetpack_social_options":{"image_generator_settings":{"template":"highway","default_image_id":0,"font":"","enabled":false},"version":2}},"categories":[2,256,7],"tags":[20,41,50,72],"class_list":["post-5550","post","type-post","status-publish","format-standard","has-post-thumbnail","hentry","category-accueil","category-astek","category-negociations","tag-astek","tag-egalite-professionnelle","tag-fo","tag-negociations"],"jetpack_publicize_connections":[],"jetpack_featured_media_url":"https:\/\/i0.wp.com\/foastek.fr\/wp-content\/uploads\/2024\/03\/megaphone-loudspeaker-making-announcement-vector-4225410724.jpg?fit=2520%2C1960&ssl=1","jetpack_sharing_enabled":true,"jetpack_shortlink":"https:\/\/wp.me\/p77E1E-1rw","jetpack-related-posts":[],"_links":{"self":[{"href":"https:\/\/foastek.fr\/index.php?rest_route=\/wp\/v2\/posts\/5550","targetHints":{"allow":["GET"]}}],"collection":[{"href":"https:\/\/foastek.fr\/index.php?rest_route=\/wp\/v2\/posts"}],"about":[{"href":"https:\/\/foastek.fr\/index.php?rest_route=\/wp\/v2\/types\/post"}],"author":[{"embeddable":true,"href":"https:\/\/foastek.fr\/index.php?rest_route=\/wp\/v2\/users\/1"}],"replies":[{"embeddable":true,"href":"https:\/\/foastek.fr\/index.php?rest_route=%2Fwp%2Fv2%2Fcomments&post=5550"}],"version-history":[{"count":2,"href":"https:\/\/foastek.fr\/index.php?rest_route=\/wp\/v2\/posts\/5550\/revisions"}],"predecessor-version":[{"id":5554,"href":"https:\/\/foastek.fr\/index.php?rest_route=\/wp\/v2\/posts\/5550\/revisions\/5554"}],"wp:featuredmedia":[{"embeddable":true,"href":"https:\/\/foastek.fr\/index.php?rest_route=\/wp\/v2\/media\/5040"}],"wp:attachment":[{"href":"https:\/\/foastek.fr\/index.php?rest_route=%2Fwp%2Fv2%2Fmedia&parent=5550"}],"wp:term":[{"taxonomy":"category","embeddable":true,"href":"https:\/\/foastek.fr\/index.php?rest_route=%2Fwp%2Fv2%2Fcategories&post=5550"},{"taxonomy":"post_tag","embeddable":true,"href":"https:\/\/foastek.fr\/index.php?rest_route=%2Fwp%2Fv2%2Ftags&post=5550"}],"curies":[{"name":"wp","href":"https:\/\/api.w.org\/{rel}","templated":true}]}}