{"id":5552,"date":"2025-03-19T13:43:22","date_gmt":"2025-03-19T12:43:22","guid":{"rendered":"https:\/\/foastek.fr\/?p=5552"},"modified":"2025-03-27T14:18:11","modified_gmt":"2025-03-27T13:18:11","slug":"protection-des-salaries-en-arret-de-travail-pour-maladie-professionnelle","status":"publish","type":"post","link":"https:\/\/foastek.fr\/?p=5552","title":{"rendered":"Protection des salari\u00e9s en arr\u00eat de travail pour maladie professionnelle"},"content":{"rendered":"\n<p>Pendant l\u2019arr\u00eat de travail pour maladie professionnelle, le contrat est suspendu et le salari\u00e9 ne peut pas \u00eatre licenci\u00e9, sauf faute grave ou impossibilit\u00e9 de l\u2019employeur de maintenir le contrat pour un motif non li\u00e9 \u00e0 la maladie (art. L. 1226-7 et L. 1226-9 du c. trav.). \u00c0 d\u00e9faut, le licenciement est nul (art. L. 1226-13 du c. trav.).<\/p>\n\n\n\n<p>Dans l&rsquo;affaire, un salari\u00e9 a contest\u00e9 son licenciement. La cour a donn\u00e9 a raison au salari\u00e9 et a jug\u00e9 que le licenciement \u00e9tait nul.<\/p>\n\n\n\n<p>L\u2019employeur, estimant que l&rsquo;arr\u00eat m\u00e9dical de maladie professionnelle \u00e9tait en fait un arr\u00eat de complaisance, a soutenu que les r\u00e8gles protectrices du code du travail en cas de maladie professionnelle ne sont pas applicables.<\/p>\n\n\n\n<p>L\u2019employeur a saisi la Cour de Cassation en posant une QPC (Question Prioritaire de Constitutionnalit\u00e9) concernant la conformit\u00e9 \u00e0 la Constitution des articles L. 1226-7, L. 1226-9 et L. 1226-13 du code du travail qui pr\u00e9cise les motifs de rupture pour un salari\u00e9 en arr\u00eat de travail pour accident du travail ou maladie professionnelle. Il estimait que ces articles ne pr\u00e9voient pas un recours juridictionnel pour contester l\u2019arr\u00eat m\u00e9dical de travail pour maladie professionnel sont contraires aux droits et libert\u00e9s garantis par la Constitution et portent \u00e9galement une atteinte excessive \u00e0 la libert\u00e9 d\u2019entreprendre.<\/p>\n\n\n\n<p>La Cour de cassation rejette la demande et rel\u00e8ve que l\u2019employeur peut contr\u00f4ler la v\u00e9racit\u00e9 de l\u2019\u00e9tat de sant\u00e9 du salari\u00e9 absent pour maladie par une contre-visite m\u00e9dicale (c. trav. art. L. 1226-1 et R. 1226-10). Il dispose par ce biais d\u2019une voie de contr\u00f4le direct des abus possibles d\u2019absence au travail du salari\u00e9.<\/p>\n\n\n\n<p>Elle rappelle aussi que les r\u00e8gles protectrices applicables aux victimes d&rsquo;un accident du travail ou d&rsquo;une maladie professionnelle s&rsquo;appliquent d\u00e8s lors que l&#8217;employeur a connaissance de l&rsquo;origine professionnelle de la maladie ou de l&rsquo;accident (cass. soc. 29 juin 2011, n\u00b0 10-11699, BC V n\u00b0 169). L\u2019employeur peut alors saisir le juge prud\u2019hommal, \u00e0 charge pour ce dernier de d\u00e9cider si l&rsquo;arr\u00eat de travail du salari\u00e9 est provoqu\u00e9 ou non par un accident du travail ou une maladie professionnelle. En cons\u00e9quence, si le juge prud\u2018homal \u00e9carte le lien de causalit\u00e9, le r\u00e9gime protecteur n\u2019est pas applicable. L\u2019employeur dispose en cons\u00e9quence d\u2019une possibilit\u00e9 effective de contestation.<\/p>\n\n\n\n<p>R\u00e9f\u00e9rence d\u00e9cision : <strong>Cass. soc. 12 mars 2025, n\u00b0 24-19110 FSB<\/strong><\/p>\n","protected":false},"excerpt":{"rendered":"<div class=\"mh-excerpt\"><p>Pendant l\u2019arr\u00eat de travail pour maladie professionnelle, le contrat est suspendu et le salari\u00e9 ne peut pas \u00eatre licenci\u00e9, sauf faute grave ou impossibilit\u00e9 de <a class=\"mh-excerpt-more\" href=\"https:\/\/foastek.fr\/?p=5552\" title=\"Protection des salari\u00e9s en arr\u00eat de travail pour maladie professionnelle\">[&#8230;]<\/a><\/p>\n<\/div>","protected":false},"author":1,"featured_media":4350,"comment_status":"open","ping_status":"open","sticky":false,"template":"","format":"standard","meta":{"h5ap_radio_sources":[],"jetpack_post_was_ever_published":false,"_jetpack_newsletter_access":"","_jetpack_dont_email_post_to_subs":false,"_jetpack_newsletter_tier_id":0,"_jetpack_memberships_contains_paywalled_content":false,"_jetpack_memberships_contains_paid_content":false,"footnotes":"","jetpack_publicize_message":"","jetpack_publicize_feature_enabled":true,"jetpack_social_post_already_shared":true,"jetpack_social_options":{"image_generator_settings":{"template":"highway","default_image_id":0,"font":"","enabled":false},"version":2}},"categories":[2,10],"tags":[451,22,403],"class_list":["post-5552","post","type-post","status-publish","format-standard","has-post-thumbnail","hentry","category-accueil","category-vos-droits","tag-arret-de-travail","tag-licenciement","tag-maladie-professionnelle"],"jetpack_publicize_connections":[],"jetpack_featured_media_url":"https:\/\/i0.wp.com\/foastek.fr\/wp-content\/uploads\/2023\/04\/palais_justice.jpg?fit=805%2C453&ssl=1","jetpack_sharing_enabled":true,"jetpack_shortlink":"https:\/\/wp.me\/p77E1E-1ry","jetpack-related-posts":[],"_links":{"self":[{"href":"https:\/\/foastek.fr\/index.php?rest_route=\/wp\/v2\/posts\/5552","targetHints":{"allow":["GET"]}}],"collection":[{"href":"https:\/\/foastek.fr\/index.php?rest_route=\/wp\/v2\/posts"}],"about":[{"href":"https:\/\/foastek.fr\/index.php?rest_route=\/wp\/v2\/types\/post"}],"author":[{"embeddable":true,"href":"https:\/\/foastek.fr\/index.php?rest_route=\/wp\/v2\/users\/1"}],"replies":[{"embeddable":true,"href":"https:\/\/foastek.fr\/index.php?rest_route=%2Fwp%2Fv2%2Fcomments&post=5552"}],"version-history":[{"count":2,"href":"https:\/\/foastek.fr\/index.php?rest_route=\/wp\/v2\/posts\/5552\/revisions"}],"predecessor-version":[{"id":5555,"href":"https:\/\/foastek.fr\/index.php?rest_route=\/wp\/v2\/posts\/5552\/revisions\/5555"}],"wp:featuredmedia":[{"embeddable":true,"href":"https:\/\/foastek.fr\/index.php?rest_route=\/wp\/v2\/media\/4350"}],"wp:attachment":[{"href":"https:\/\/foastek.fr\/index.php?rest_route=%2Fwp%2Fv2%2Fmedia&parent=5552"}],"wp:term":[{"taxonomy":"category","embeddable":true,"href":"https:\/\/foastek.fr\/index.php?rest_route=%2Fwp%2Fv2%2Fcategories&post=5552"},{"taxonomy":"post_tag","embeddable":true,"href":"https:\/\/foastek.fr\/index.php?rest_route=%2Fwp%2Fv2%2Ftags&post=5552"}],"curies":[{"name":"wp","href":"https:\/\/api.w.org\/{rel}","templated":true}]}}