{"id":5629,"date":"2025-04-28T07:53:27","date_gmt":"2025-04-28T06:53:27","guid":{"rendered":"https:\/\/foastek.fr\/?p=5629"},"modified":"2025-05-31T08:18:13","modified_gmt":"2025-05-31T07:18:13","slug":"astek-compte-rendu-de-la-reunion-qvt-parentalite-salaries-aidants-du-23-04","status":"publish","type":"post","link":"https:\/\/foastek.fr\/?p=5629","title":{"rendered":"[Astek] Compte-rendu de la r\u00e9union QVT Parentalit\u00e9 &amp; Salari\u00e9s aidants du 23\/04"},"content":{"rendered":"\n<p>La direction ne s&rsquo;est malheureusement positionn\u00e9e sur bien peu de sujets lors de la 1\u00e8re r\u00e9union.<\/p>\n\n\n\n<p><strong>PARENTALITE<\/strong><\/p>\n\n\n\n<figure class=\"wp-block-table\"><table class=\"has-fixed-layout\"><tbody><tr><td>CONGE SUPPLEMENTAIRE ENFANT HANDICAPE<br><em>5 jours de cong\u00e9s suppl\u00e9mentaires par an et par enfant<br>Pose possible par demi-journ\u00e9e<\/em><\/td><td><mark style=\"background-color:rgba(0, 0, 0, 0)\" class=\"has-inline-color has-luminous-vivid-orange-color\">La direction n&rsquo;est pas ferm\u00e9e sur le sujet car elle a eu des retours de salari\u00e9s<\/mark><br><br><mark style=\"background-color:rgba(0, 0, 0, 0)\" class=\"has-inline-color has-luminous-vivid-orange-color\"><strong>Retour pr\u00e9vu lors de la prochaine r\u00e9union de n\u00e9gociation<\/strong><\/mark><\/td><\/tr><tr><td>SALLE DEDIE A L&rsquo;ALLAITEMENT<br><em>Mise en place d&rsquo;une salle \u00e9quip\u00e9e pour l&rsquo;allaitement sur les sites de Boulogne-Billancourt, Toulouse, Lyon, Rennes<\/em><\/td><td><mark style=\"background-color:rgba(0, 0, 0, 0)\" class=\"has-inline-color has-luminous-vivid-orange-color\">La direction propose que la salle puisse \u00eatre utilis\u00e9 comme salle allaitement, de repos et de r\u00e9union.<\/mark><br><br><mark style=\"background-color:rgba(0, 0, 0, 0)\" class=\"has-inline-color has-luminous-vivid-orange-color\">Pour FO, ce n&rsquo;est pas possible que la salle soit utilis\u00e9e comme salle de r\u00e9union.<\/mark><br><br><mark style=\"background-color:rgba(0, 0, 0, 0)\" class=\"has-inline-color has-luminous-vivid-orange-color\"><strong>Retour pr\u00e9vu lors de la prochaine r\u00e9union de n\u00e9gociation<\/strong><\/mark><\/td><\/tr><tr><td>HORAIRES REUNIONS<br><em>Les r\u00e9unions obligatoires se tiennent entre 9h00 et 17h30<\/em><\/td><td><mark style=\"background-color:rgba(0, 0, 0, 0)\" class=\"has-inline-color has-luminous-vivid-orange-color\">Pour la direction, FO a boug\u00e9 depuis sa pr\u00e9c\u00e9dente revendication (17h00 -> 17h30), donc Direction peut envisager de bouger (18h -> 17h30)<\/mark><br><br><mark style=\"background-color:rgba(0, 0, 0, 0)\" class=\"has-inline-color has-luminous-vivid-orange-color\"><strong>Retour pr\u00e9vu lors de la prochaine r\u00e9union de n\u00e9gociation<\/strong><\/mark><\/td><\/tr><tr><td>MOBILITE<br><em>Ne pas imposer de mobilit\u00e9 pour des activit\u00e9s \u00e9loign\u00e9es aux salari\u00e9s parents isol\u00e9s \/ mono-parentaux jusqu&rsquo;\u00e0 la fin du cycle coll\u00e8ge ou quel que soit l&rsquo;\u00e2ge de l&rsquo;enfant si celui-ci est handicap\u00e9<\/em><\/td><td><mark style=\"background-color:rgba(0, 0, 0, 0)\" class=\"has-inline-color has-vivid-red-color\">La facturation est le nerf de la guerre !<br><\/mark><br><mark style=\"background-color:rgba(0, 0, 0, 0)\" class=\"has-inline-color has-vivid-red-color\"><strong>Direction a dit NON<\/strong><\/mark><\/td><\/tr><tr><td>RENTREE SCOLAIRE<br><em>Offrir 4h r\u00e9mun\u00e9r\u00e9es et compt\u00e9es dans le temps de travail \u00e0 prendre lors de la semaine de la rentr\u00e9e scolaire jusqu&rsquo;au 11 ans de l&rsquo;enfant.<br>A partir du 2\u00e8me enfant, ajouter 1h par enfant suppl\u00e9mentaire<\/em><\/td><td><mark style=\"background-color:rgba(0, 0, 0, 0)\" class=\"has-inline-color has-luminous-vivid-orange-color\">La direction souhaite plut\u00f4t permettre une arriv\u00e9e tardive le jour de la rentr\u00e9e.<br><br>FO indique que le contrat des salari\u00e9s permet d\u00e9j\u00e0 la souplesse des horaires donc la position de la direction n&rsquo;est pas avanc\u00e9e<\/mark><br><br><mark style=\"background-color:rgba(0, 0, 0, 0)\" class=\"has-inline-color has-luminous-vivid-orange-color\"><strong>Retour pr\u00e9vu lors de la prochaine r\u00e9union de n\u00e9gociation<\/strong><\/mark><\/td><\/tr><tr><td>TEMPS PARTIEL EN FONCTION DES VACANCES SCOLAIRES<br><em>Les salari\u00e9s ayant un enfant scolaris\u00e9 de moins de 17 ans peuvent b\u00e9n\u00e9ficier d&rsquo;un avenant \u00e0 leur temps de travail permettant droit \u00e0 travailler \u00e0 temps partiel (90%) avec une r\u00e9partition des jours non travaill\u00e9s sur une p\u00e9riode annuelle prenant en compte les vacances scolaires.<\/em><\/td><td><mark style=\"background-color:rgba(0, 0, 0, 0)\" class=\"has-inline-color has-vivid-red-color\"><strong>Direction a dit NON<\/strong><\/mark><\/td><\/tr><\/tbody><\/table><\/figure>\n\n\n\n<p><strong>SALARIES AIDANTS<\/strong><\/p>\n\n\n\n<figure class=\"wp-block-table\"><table class=\"has-fixed-layout\"><tbody><tr><td>CONGE SUPPLEMENTAIRE<br><em>5 jours de cong\u00e9s suppl\u00e9mentaires par an et par personne aid\u00e9e (cf. L. 3142-16 de CdT)<br>Pose par demi-journ\u00e9e ou par journ\u00e9e enti\u00e8re<\/em><\/td><td><mark style=\"background-color:rgba(0, 0, 0, 0)\" class=\"has-inline-color has-luminous-vivid-orange-color\">La direction indique que c&rsquo;est compliqu\u00e9 d&rsquo;octroyer des jours de cong\u00e9s suppl\u00e9mentaires<\/mark><br><br><mark style=\"background-color:rgba(0, 0, 0, 0)\" class=\"has-inline-color has-luminous-vivid-orange-color\"><strong>Retour pr\u00e9vu lors de la prochaine r\u00e9union de n\u00e9gociation<\/strong><\/mark><\/td><\/tr><tr><td>PRISE DE CONGES<br><em>Possibilit\u00e9 de poser des demi-journ\u00e9es ou des jours de cong\u00e9s au dernier moment quel que soit le poste, la mission, le client<\/em><\/td><td><mark style=\"background-color:rgba(0, 0, 0, 0)\" class=\"has-inline-color has-luminous-vivid-orange-color\"><strong>Retour pr\u00e9vu lors de la prochaine r\u00e9union de n\u00e9gociation<\/strong><\/mark><\/td><\/tr><tr><td>TELETRAVAIL<br><em>3 jours de t\u00e9l\u00e9travail par semaine quel que soit le poste, la mission, le client<\/em><\/td><td><mark style=\"background-color:rgba(0, 0, 0, 0)\" class=\"has-inline-color has-vivid-red-color\">La direction indique qu&rsquo;elle ne peut l&rsquo;imposer au client mais que cela serait possible plus facilement en interne.<\/mark><br><strong><br><mark style=\"background-color:rgba(0, 0, 0, 0)\" class=\"has-inline-color has-vivid-red-color\">Direction a dit NON<\/mark><\/strong><\/td><\/tr><tr><td>AIDE AUX FRAIS DE SANTE<br><em>Mise en place d&rsquo;un fond social d\u00e9di\u00e9 dont la contribution annuelle est \u00e0 hauteur de 0,1 % de la masse salariale au 31 d\u00e9cembre de l&rsquo;ann\u00e9e pr\u00e9c\u00e9dente.<br>Le d\u00e9blocage de fond est d\u00e9cid\u00e9 par une commission compos\u00e9e de l&#8217;employeur et des syndicats.<\/em><\/td><td><mark style=\"background-color:rgba(0, 0, 0, 0)\" class=\"has-inline-color has-luminous-vivid-orange-color\">Le sujet \u00ab\u00a0Aide aux frais de sant\u00e9\u00a0\u00bb a \u00e9t\u00e9 supprim\u00e9 de l&rsquo;accord handicap donc FO fait une revendication dans le cadre de cette n\u00e9gociation<\/mark><br><br><mark style=\"background-color:rgba(0, 0, 0, 0)\" class=\"has-inline-color has-luminous-vivid-orange-color\"><strong>Retour pr\u00e9vu lors de la prochaine r\u00e9union de n\u00e9gociation<\/strong><\/mark><\/td><\/tr><\/tbody><\/table><\/figure>\n\n\n\n<p><\/p>\n\n\n","protected":false},"excerpt":{"rendered":"<div class=\"mh-excerpt\"><p>La direction ne s&rsquo;est malheureusement positionn\u00e9e sur bien peu de sujets lors de la 1\u00e8re r\u00e9union. PARENTALITE CONGE SUPPLEMENTAIRE ENFANT HANDICAPE5 jours de cong\u00e9s suppl\u00e9mentaires <a class=\"mh-excerpt-more\" href=\"https:\/\/foastek.fr\/?p=5629\" title=\"[Astek] Compte-rendu de la r\u00e9union QVT Parentalit\u00e9 &amp; Salari\u00e9s aidants du 23\/04\">[&#8230;]<\/a><\/p>\n<\/div>","protected":false},"author":1,"featured_media":0,"comment_status":"open","ping_status":"open","sticky":false,"template":"","format":"standard","meta":{"h5ap_radio_sources":[],"jetpack_post_was_ever_published":false,"_jetpack_newsletter_access":"","_jetpack_dont_email_post_to_subs":false,"_jetpack_newsletter_tier_id":0,"_jetpack_memberships_contains_paywalled_content":false,"_jetpack_memberships_contains_paid_content":false,"footnotes":"","jetpack_publicize_message":"","jetpack_publicize_feature_enabled":true,"jetpack_social_post_already_shared":true,"jetpack_social_options":{"image_generator_settings":{"template":"highway","default_image_id":0,"font":"","enabled":false},"version":2}},"categories":[2,256,7],"tags":[20,50,72,456,209,457],"class_list":["post-5629","post","type-post","status-publish","format-standard","hentry","category-accueil","category-astek","category-negociations","tag-astek","tag-fo","tag-negociations","tag-parentalite","tag-qvt","tag-salaries-aidants"],"jetpack_publicize_connections":[],"jetpack_featured_media_url":"","jetpack_sharing_enabled":true,"jetpack_shortlink":"https:\/\/wp.me\/p77E1E-1sN","jetpack-related-posts":[],"_links":{"self":[{"href":"https:\/\/foastek.fr\/index.php?rest_route=\/wp\/v2\/posts\/5629","targetHints":{"allow":["GET"]}}],"collection":[{"href":"https:\/\/foastek.fr\/index.php?rest_route=\/wp\/v2\/posts"}],"about":[{"href":"https:\/\/foastek.fr\/index.php?rest_route=\/wp\/v2\/types\/post"}],"author":[{"embeddable":true,"href":"https:\/\/foastek.fr\/index.php?rest_route=\/wp\/v2\/users\/1"}],"replies":[{"embeddable":true,"href":"https:\/\/foastek.fr\/index.php?rest_route=%2Fwp%2Fv2%2Fcomments&post=5629"}],"version-history":[{"count":6,"href":"https:\/\/foastek.fr\/index.php?rest_route=\/wp\/v2\/posts\/5629\/revisions"}],"predecessor-version":[{"id":5645,"href":"https:\/\/foastek.fr\/index.php?rest_route=\/wp\/v2\/posts\/5629\/revisions\/5645"}],"wp:attachment":[{"href":"https:\/\/foastek.fr\/index.php?rest_route=%2Fwp%2Fv2%2Fmedia&parent=5629"}],"wp:term":[{"taxonomy":"category","embeddable":true,"href":"https:\/\/foastek.fr\/index.php?rest_route=%2Fwp%2Fv2%2Fcategories&post=5629"},{"taxonomy":"post_tag","embeddable":true,"href":"https:\/\/foastek.fr\/index.php?rest_route=%2Fwp%2Fv2%2Ftags&post=5629"}],"curies":[{"name":"wp","href":"https:\/\/api.w.org\/{rel}","templated":true}]}}