{"id":5638,"date":"2025-05-19T08:28:31","date_gmt":"2025-05-19T07:28:31","guid":{"rendered":"https:\/\/foastek.fr\/?p=5638"},"modified":"2025-05-31T08:32:33","modified_gmt":"2025-05-31T07:32:33","slug":"astek-compte-rendu-de-la-reunion-qvt-parentalite-salaries-aidants-du-15-mai","status":"publish","type":"post","link":"https:\/\/foastek.fr\/?p=5638","title":{"rendered":"[Astek] Compte-rendu de la r\u00e9union QVT Parentalit\u00e9 &amp; Salari\u00e9s aidants du 15 mai"},"content":{"rendered":"\n<p>La direction rejette la plupart des revendications et reste dans le flou pour les revendications restantes.<\/p>\n\n\n\n<p><strong>PARENTALITE<\/strong><\/p>\n\n\n\n<figure class=\"wp-block-table\"><table class=\"has-fixed-layout\"><tbody><tr><td><strong>CONGE SUPPLEMENTAIRE ENFANT HANDICAPE<\/strong><br><em>5 jours de cong\u00e9s suppl\u00e9mentaires par an et par enfant<br>Pose possible par demi-journ\u00e9e<\/em><\/td><td><strong><mark style=\"background-color:rgba(0, 0, 0, 0)\" class=\"has-inline-color has-luminous-vivid-orange-color\">Toujours en attente de la position d\u00e9finitive de la direction<\/mark><\/strong><\/td><\/tr><tr><td><strong>SALLE DEDIE A L&rsquo;ALLAITEMENT<\/strong><br><em>Mise en place d&rsquo;une salle \u00e9quip\u00e9e pour l&rsquo;allaitement sur les sites de Boulogne-Billancourt, Toulouse, Lyon, Rennes<\/em><\/td><td><strong><mark style=\"background-color:rgba(0, 0, 0, 0)\" class=\"has-inline-color has-vivid-red-color\">Direction a dit NON<\/mark><\/strong><\/td><\/tr><tr><td><strong>HORAIRES REUNIONS<\/strong><br><em>Les r\u00e9unions obligatoires se tiennent uniquement entre 9h00 et 17h30<\/em><\/td><td><strong><mark style=\"background-color:rgba(0, 0, 0, 0)\" class=\"has-inline-color has-vivid-red-color\">Direction a dit NON<\/mark><\/strong><\/td><\/tr><tr><td><strong>MOBILITE<\/strong><br><em>Ne pas imposer de mobilit\u00e9 pour des activit\u00e9s \u00e9loign\u00e9es aux salari\u00e9s parents isol\u00e9s \/ mono-parentaux jusqu&rsquo;\u00e0 la fin du cycle coll\u00e8ge ou quel que soit l&rsquo;\u00e2ge de l&rsquo;enfant si celui-ci est handicap\u00e9<\/em><\/td><td><strong><mark style=\"background-color:rgba(0, 0, 0, 0)\" class=\"has-inline-color has-vivid-red-color\">Direction a dit NON<\/mark><\/strong><\/td><\/tr><tr><td><strong>RENTREE SCOLAIRE<\/strong><br><em>Offrir 4h r\u00e9mun\u00e9r\u00e9es et compt\u00e9es dans le temps de travail \u00e0 prendre lors de la semaine de la rentr\u00e9e scolaire jusqu&rsquo;au 11 ans de l&rsquo;enfant.<br>A partir du 2\u00e8me enfant, ajouter 1h par enfant suppl\u00e9mentaire<\/em><\/td><td><mark style=\"background-color:rgba(0, 0, 0, 0)\" class=\"has-inline-color has-vivid-red-color\"><strong>Direction a dit NON<\/strong><\/mark><\/td><\/tr><tr><td><strong>TEMPS PARTIEL EN FONCTION DES VACANCES SCOLAIRES<\/strong><br><em>Les salari\u00e9s ayant un enfant scolaris\u00e9 de moins de 17 ans peuvent b\u00e9n\u00e9ficier d&rsquo;un avenant \u00e0 leur temps de travail permettant droit \u00e0 travailler \u00e0 temps partiel (90%) avec une r\u00e9partition des jours non travaill\u00e9s sur une p\u00e9riode annuelle prenant en compte les vacances scolaires.<\/em><\/td><td><mark style=\"background-color:rgba(0, 0, 0, 0)\" class=\"has-inline-color has-vivid-red-color\"><strong>Direction a dit NON<\/strong><\/mark><\/td><\/tr><tr><td><strong>CONGE ENFANT MALADE<\/strong><br><em>2 jours de cong\u00e9s pay\u00e9s suppl\u00e9mentaires par an et par enfant jusqu\u2019au 11 ans de l\u2019enfant<br>1 jour de cong\u00e9s pay\u00e9s suppl\u00e9mentaire par an et par enfant de 12 ans et jusqu\u2019au 15 ans de l\u2019enfant<br>Pose possible par demi-journ\u00e9e<\/em><\/td><td><mark style=\"background-color:rgba(0, 0, 0, 0)\" class=\"has-inline-color has-vivid-red-color\"><strong>Direction a dit NON<\/strong><\/mark><\/td><\/tr><tr><td><strong>REDUCTION HORAIRE FUTUR PARENT<\/strong><br><em>Contexte = A partir du cinqui\u00e8me mois de grossesse, la salari\u00e9e ayant d\u00e9clar\u00e9 sa grossesse b\u00e9n\u00e9ficie d\u2019une r\u00e9duction horaire de 30 minutes par jour r\u00e9mun\u00e9r\u00e9e.<br>R\u00e9duction horaire d\u2019une heure par jour r\u00e9mun\u00e9r\u00e9e<\/em><\/td><td><strong><mark style=\"background-color:rgba(0, 0, 0, 0)\" class=\"has-inline-color has-luminous-vivid-orange-color\">En attente de la position de la direction<\/mark><\/strong><\/td><\/tr><tr><td><strong>REDUCTION HORAIRE FUTUR PERE<\/strong><br><em>A partir du cinqui\u00e8me mois de grossesse de la conjointe du salari\u00e9, le salari\u00e9 p\u00e8re b\u00e9n\u00e9ficie d\u2019une r\u00e9duction horaire de 30 minutes par jour r\u00e9mun\u00e9r\u00e9e.<\/em><\/td><td><mark style=\"background-color:rgba(0, 0, 0, 0)\" class=\"has-inline-color has-vivid-red-color\"><strong>Direction a dit NON<\/strong><\/mark><\/td><\/tr><tr><td><strong>CONGE INTERRUPTION GROSSESSE<\/strong><br><em>Une semaine de cong\u00e9s pay\u00e9s aux salari\u00e9s parents en cas d\u2019interruption spontan\u00e9e de grossesse<\/em><\/td><td><strong><mark style=\"background-color:rgba(0, 0, 0, 0)\" class=\"has-inline-color has-luminous-vivid-orange-color\">En attente de la position de la direction<\/mark><\/strong><\/td><\/tr><tr><td><strong>MOBILITE PARENTS<\/strong><br><em>Ne pas imposer de mobilit\u00e9 pour des activit\u00e9s \u00e9loign\u00e9es aux salari\u00e9s parents jusqu&rsquo;\u00e0 la fin du cycle coll\u00e8ge ou quel que soit l\u2019\u00e2ge de l\u2019enfant si celui-ci est handicap\u00e9<\/em><\/td><td><mark style=\"background-color:rgba(0, 0, 0, 0)\" class=\"has-inline-color has-vivid-red-color\"><strong>Direction a dit NON<\/strong><\/mark><\/td><\/tr><tr><td><strong>AIDE FINANCIERE A LA GARDE D\u2019ENFANTS<\/strong><br><em>Aide financi\u00e8re (CESU) de 150 \u20ac par mois et par enfant jusqu\u2019au 6 ans de l\u2019enfant<br>Partenariat pour r\u00e9server des places en cr\u00e8che<\/em><\/td><td><mark style=\"background-color:rgba(0, 0, 0, 0)\" class=\"has-inline-color has-vivid-red-color\"><strong>Direction a dit NON<\/strong><\/mark><\/td><\/tr><\/tbody><\/table><\/figure>\n\n\n\n<p><strong>SALARIES AIDANTS<\/strong><\/p>\n\n\n\n<figure class=\"wp-block-table\"><table class=\"has-fixed-layout\"><tbody><tr><td><strong>CONGE SUPPLEMENTAIRE<\/strong><br><em>5 jours de cong\u00e9s suppl\u00e9mentaires par an et par personne aid\u00e9e (cf. L. 3142-16 de CdT)<br>Pose par demi-journ\u00e9e ou par journ\u00e9e enti\u00e8re<\/em><\/td><td><strong><mark style=\"background-color:rgba(0, 0, 0, 0)\" class=\"has-inline-color has-luminous-vivid-orange-color\">Toujours en attente de la position d\u00e9finitive de la direction<\/mark><\/strong><\/td><\/tr><tr><td><strong>PRISE DE CONGES<\/strong><br><em>Possibilit\u00e9 de poser des demi-journ\u00e9es ou des jours de cong\u00e9s au dernier moment quel que soit le poste, la mission, le client<\/em><\/td><td><strong><strong><mark style=\"background-color:rgba(0, 0, 0, 0)\" class=\"has-inline-color has-luminous-vivid-orange-color\">Toujours en attente de la position d\u00e9finitive de la direction<\/mark><\/strong><\/strong><\/td><\/tr><tr><td><strong>TELETRAVAIL<\/strong><br><em>3 jours de t\u00e9l\u00e9travail par semaine quel que soit le poste, la mission, le client<\/em><\/td><td><mark style=\"background-color:rgba(0, 0, 0, 0)\" class=\"has-inline-color has-vivid-red-color\">La direction indique qu\u2019elle ne peut l\u2019imposer au client mais que cela serait possible plus facilement en interne.<br><strong><br>Direction a dit NON<\/strong><\/mark><\/td><\/tr><tr><td><strong>AIDE AUX FRAIS DE SANTE<\/strong><br><em>Mise en place d\u2019un fond social d\u00e9di\u00e9 dont la contribution annuelle est \u00e0 hauteur de 0,1 % de la masse salariale au 31 d\u00e9cembre de l\u2019ann\u00e9e pr\u00e9c\u00e9dente.<br>Le d\u00e9blocage de fond est d\u00e9cid\u00e9 par une commission compos\u00e9e de l\u2019employeur et des syndicats.<\/em><\/td><td><mark style=\"background-color:rgba(0, 0, 0, 0)\" class=\"has-inline-color has-vivid-red-color\">La direction indique qu\u2019elle n&rsquo;a pas pr\u00e9vu de budget pour cela.<br><strong><br>Direction a dit NON<\/strong><\/mark><\/td><\/tr><tr><td><strong>MOBILITE<\/strong><br><em>Ne pas imposer de mobilit\u00e9 g\u00e9ographique pour des activit\u00e9s \u00e9loign\u00e9es aux salari\u00e9s aidants<\/em><\/td><td><mark style=\"background-color:rgba(0, 0, 0, 0)\" class=\"has-inline-color has-vivid-red-color\"><strong>Direction a dit NON<\/strong><\/mark><\/td><\/tr><tr><td><strong>CONGE SALARIE PROCHE AIDANT<\/strong><br><em>Anciennet\u00e9 minimale : 7 mois<br>Transform\u00e9 en temps partiel (cf. cong\u00e9 parental d\u2019\u00e9ducation)<br>Dur\u00e9e maximale du cong\u00e9 sur la carri\u00e8re : 3 ans<br>Renouvellement par ann\u00e9e<br>L\u2019employeur \u00ab surcotise \u00bb sur la base d\u2019un taux plein pour la retraite de base et la retraite compl\u00e9mentaire<\/em><\/td><td><strong><mark style=\"background-color:rgba(0, 0, 0, 0)\" class=\"has-inline-color has-luminous-vivid-orange-color\">En attente de la position de la direction<\/mark><\/strong><\/td><\/tr><tr><td><strong>AIDE FINANCIERE<\/strong><br><em>Versement d\u2019une aide financi\u00e8re journali\u00e8re \u00e0 partir du 67\u00e8me jour \u00e9quivalente \u00e0 l\u2019AJPA<\/em><\/td><td><strong><mark style=\"background-color:rgba(0, 0, 0, 0)\" class=\"has-inline-color has-luminous-vivid-orange-color\">En attente de la position de la direction<\/mark><\/strong><\/td><\/tr><\/tbody><\/table><\/figure>\n","protected":false},"excerpt":{"rendered":"<div class=\"mh-excerpt\"><p>La direction rejette la plupart des revendications et reste dans le flou pour les revendications restantes. PARENTALITE CONGE SUPPLEMENTAIRE ENFANT HANDICAPE5 jours de cong\u00e9s suppl\u00e9mentaires <a class=\"mh-excerpt-more\" href=\"https:\/\/foastek.fr\/?p=5638\" title=\"[Astek] Compte-rendu de la r\u00e9union QVT Parentalit\u00e9 &amp; Salari\u00e9s aidants du 15 mai\">[&#8230;]<\/a><\/p>\n<\/div>","protected":false},"author":1,"featured_media":4423,"comment_status":"open","ping_status":"open","sticky":false,"template":"","format":"standard","meta":{"h5ap_radio_sources":[],"jetpack_post_was_ever_published":false,"_jetpack_newsletter_access":"","_jetpack_dont_email_post_to_subs":false,"_jetpack_newsletter_tier_id":0,"_jetpack_memberships_contains_paywalled_content":false,"_jetpack_memberships_contains_paid_content":false,"footnotes":"","jetpack_publicize_message":"","jetpack_publicize_feature_enabled":true,"jetpack_social_post_already_shared":true,"jetpack_social_options":{"image_generator_settings":{"template":"highway","default_image_id":0,"font":"","enabled":false},"version":2}},"categories":[2,256,7],"tags":[20,137,50,238,72,456,458],"class_list":["post-5638","post","type-post","status-publish","format-standard","has-post-thumbnail","hentry","category-accueil","category-astek","category-negociations","tag-astek","tag-conge","tag-fo","tag-mobilite","tag-negociations","tag-parentalite","tag-salaires-aidants"],"jetpack_publicize_connections":[],"jetpack_featured_media_url":"https:\/\/i0.wp.com\/foastek.fr\/wp-content\/uploads\/2023\/04\/Negociation-EgaliteProf-QVT.png?fit=800%2C600&ssl=1","jetpack_sharing_enabled":true,"jetpack_shortlink":"https:\/\/wp.me\/p77E1E-1sW","jetpack-related-posts":[],"_links":{"self":[{"href":"https:\/\/foastek.fr\/index.php?rest_route=\/wp\/v2\/posts\/5638","targetHints":{"allow":["GET"]}}],"collection":[{"href":"https:\/\/foastek.fr\/index.php?rest_route=\/wp\/v2\/posts"}],"about":[{"href":"https:\/\/foastek.fr\/index.php?rest_route=\/wp\/v2\/types\/post"}],"author":[{"embeddable":true,"href":"https:\/\/foastek.fr\/index.php?rest_route=\/wp\/v2\/users\/1"}],"replies":[{"embeddable":true,"href":"https:\/\/foastek.fr\/index.php?rest_route=%2Fwp%2Fv2%2Fcomments&post=5638"}],"version-history":[{"count":5,"href":"https:\/\/foastek.fr\/index.php?rest_route=\/wp\/v2\/posts\/5638\/revisions"}],"predecessor-version":[{"id":5649,"href":"https:\/\/foastek.fr\/index.php?rest_route=\/wp\/v2\/posts\/5638\/revisions\/5649"}],"wp:featuredmedia":[{"embeddable":true,"href":"https:\/\/foastek.fr\/index.php?rest_route=\/wp\/v2\/media\/4423"}],"wp:attachment":[{"href":"https:\/\/foastek.fr\/index.php?rest_route=%2Fwp%2Fv2%2Fmedia&parent=5638"}],"wp:term":[{"taxonomy":"category","embeddable":true,"href":"https:\/\/foastek.fr\/index.php?rest_route=%2Fwp%2Fv2%2Fcategories&post=5638"},{"taxonomy":"post_tag","embeddable":true,"href":"https:\/\/foastek.fr\/index.php?rest_route=%2Fwp%2Fv2%2Ftags&post=5638"}],"curies":[{"name":"wp","href":"https:\/\/api.w.org\/{rel}","templated":true}]}}