{"id":5762,"date":"2025-09-04T10:53:03","date_gmt":"2025-09-04T09:53:03","guid":{"rendered":"https:\/\/foastek.fr\/?p=5762"},"modified":"2025-09-04T11:00:33","modified_gmt":"2025-09-04T10:00:33","slug":"le-refus-dastreinte-quels-droits-pour-le-salarie","status":"publish","type":"post","link":"https:\/\/foastek.fr\/?p=5762","title":{"rendered":"Le refus d\u2019astreinte : quels droits pour le salari\u00e9 ?"},"content":{"rendered":"\n<p>Un salari\u00e9 peut-il s\u2019opposer \u00e0 la r\u00e9alisation de p\u00e9riodes d\u2019astreinte ?<\/p>\n\n\n\n<p>La r\u00e9ponse \u00e0 cette question suppose dans un premier temps de v\u00e9rifier que l\u2019astreinte est pr\u00e9vue par convention collective ou selon une autre modalit\u00e9.<\/p>\n\n\n\n<p>Article : <a href=\"https:\/\/www.cabinet-zenou.fr\/actualites\/droits-du-salarie\/le-refus-dastreinte-quels-droits-pour-le-salarie.html\">https:\/\/www.cabinet-zenou.fr\/actualites\/droits-du-salarie\/le-refus-dastreinte-quels-droits-pour-le-salarie.html<\/a><\/p>\n","protected":false},"excerpt":{"rendered":"<div class=\"mh-excerpt\"><p>Un salari\u00e9 peut-il s\u2019opposer \u00e0 la r\u00e9alisation de p\u00e9riodes d\u2019astreinte ? La r\u00e9ponse \u00e0 cette question suppose dans un premier temps de v\u00e9rifier que l\u2019astreinte <a class=\"mh-excerpt-more\" href=\"https:\/\/foastek.fr\/?p=5762\" title=\"Le refus d\u2019astreinte : quels droits pour le salari\u00e9 ?\">[&#8230;]<\/a><\/p>\n<\/div>","protected":false},"author":1,"featured_media":5763,"comment_status":"open","ping_status":"open","sticky":false,"template":"","format":"standard","meta":{"h5ap_radio_sources":[],"jetpack_post_was_ever_published":false,"_jetpack_newsletter_access":"","_jetpack_dont_email_post_to_subs":false,"_jetpack_newsletter_tier_id":0,"_jetpack_memberships_contains_paywalled_content":false,"_jetpack_memberships_contains_paid_content":false,"footnotes":"","jetpack_publicize_message":"","jetpack_publicize_feature_enabled":true,"jetpack_social_post_already_shared":true,"jetpack_social_options":{"image_generator_settings":{"template":"highway","default_image_id":0,"font":"","enabled":false},"version":2}},"categories":[2,10],"tags":[367],"class_list":["post-5762","post","type-post","status-publish","format-standard","has-post-thumbnail","hentry","category-accueil","category-vos-droits","tag-astreinte"],"jetpack_publicize_connections":[],"jetpack_featured_media_url":"https:\/\/i0.wp.com\/foastek.fr\/wp-content\/uploads\/2025\/09\/image-telephonique-astreinte-800x533-1.jpeg?fit=800%2C533&ssl=1","jetpack_sharing_enabled":true,"jetpack_shortlink":"https:\/\/wp.me\/p77E1E-1uW","jetpack-related-posts":[],"_links":{"self":[{"href":"https:\/\/foastek.fr\/index.php?rest_route=\/wp\/v2\/posts\/5762","targetHints":{"allow":["GET"]}}],"collection":[{"href":"https:\/\/foastek.fr\/index.php?rest_route=\/wp\/v2\/posts"}],"about":[{"href":"https:\/\/foastek.fr\/index.php?rest_route=\/wp\/v2\/types\/post"}],"author":[{"embeddable":true,"href":"https:\/\/foastek.fr\/index.php?rest_route=\/wp\/v2\/users\/1"}],"replies":[{"embeddable":true,"href":"https:\/\/foastek.fr\/index.php?rest_route=%2Fwp%2Fv2%2Fcomments&post=5762"}],"version-history":[{"count":1,"href":"https:\/\/foastek.fr\/index.php?rest_route=\/wp\/v2\/posts\/5762\/revisions"}],"predecessor-version":[{"id":5764,"href":"https:\/\/foastek.fr\/index.php?rest_route=\/wp\/v2\/posts\/5762\/revisions\/5764"}],"wp:featuredmedia":[{"embeddable":true,"href":"https:\/\/foastek.fr\/index.php?rest_route=\/wp\/v2\/media\/5763"}],"wp:attachment":[{"href":"https:\/\/foastek.fr\/index.php?rest_route=%2Fwp%2Fv2%2Fmedia&parent=5762"}],"wp:term":[{"taxonomy":"category","embeddable":true,"href":"https:\/\/foastek.fr\/index.php?rest_route=%2Fwp%2Fv2%2Fcategories&post=5762"},{"taxonomy":"post_tag","embeddable":true,"href":"https:\/\/foastek.fr\/index.php?rest_route=%2Fwp%2Fv2%2Ftags&post=5762"}],"curies":[{"name":"wp","href":"https:\/\/api.w.org\/{rel}","templated":true}]}}