{"id":5791,"date":"2025-09-10T12:58:27","date_gmt":"2025-09-10T11:58:27","guid":{"rendered":"https:\/\/foastek.fr\/?p=5791"},"modified":"2025-09-10T12:58:28","modified_gmt":"2025-09-10T11:58:28","slug":"retraite-progressive-le-dispositif-elargi","status":"publish","type":"post","link":"https:\/\/foastek.fr\/?p=5791","title":{"rendered":"Retraite progressive\u00a0: le dispositif \u00e9largi"},"content":{"rendered":"\n<p>Exit donc le m\u00e9canisme d\u00e9marrant \u00e0 62 ans comme le fixait la r\u00e9forme des retraites de 2023. D\u00e8s le 1er septembre, changement pour la retraite progressive. Le dispositif sera accessible, sous conditions, d\u00e8s 60 ans, notamment pour les salari\u00e9s du priv\u00e9 et l\u2019ensemble des agents publics.<\/p>\n\n\n\n<p>La mesure avait \u00e9t\u00e9 n\u00e9goci\u00e9e \u00e0 l\u2019automne 2024 entre le Medef, FO, la CFDT et la CFTC, act\u00e9e par l\u2019ANI sur l\u2019emploi des salari\u00e9s \u00ab\u00a0exp\u00e9riment\u00e9s\u00a0\u00bb. Ce texte apportait de v\u00e9ritables am\u00e9liorations \u00e0 travers un renforcement de \u00ab\u00a0l\u2019encadrement des motifs de refus de l\u2019employeur saisi d\u2019une demande de passage \u00e0 temps partiel ou \u00e0 temps r\u00e9duit dans le cadre de la retraite progressive\u00a0\u00bb ou encore par l\u2019\u00e9vocation des modalit\u00e9s d\u2019am\u00e9nagement de fin de carri\u00e8re, notamment (via un entretien professionnel) celle li\u00e9e aux \u00ab\u00a0possibilit\u00e9s de passage au temps partiel ou de retraite progressive\u00a0\u00bb.<\/p>\n\n\n\n<p>Une v\u00e9ritable avanc\u00e9e (qui doit beaucoup \u00e0 FO), autrement dit la possibilit\u00e9 d\u2019acc\u00e8s \u00e0 une retraite progressive -avec perception d\u2019une partie de sa retraite- \u00e0 partir de 60 ans (avec 150 trimestres minimum valid\u00e9s sur les r\u00e9gimes de base), avec un temps de travail variant de 40% \u00e0 80% d\u2019un temps complet.<\/p>\n","protected":false},"excerpt":{"rendered":"<div class=\"mh-excerpt\"><p>Exit donc le m\u00e9canisme d\u00e9marrant \u00e0 62 ans comme le fixait la r\u00e9forme des retraites de 2023. D\u00e8s le 1er septembre, changement pour la retraite <a class=\"mh-excerpt-more\" href=\"https:\/\/foastek.fr\/?p=5791\" title=\"Retraite progressive\u00a0: le dispositif \u00e9largi\">[&#8230;]<\/a><\/p>\n<\/div>","protected":false},"author":1,"featured_media":5792,"comment_status":"open","ping_status":"open","sticky":false,"template":"","format":"standard","meta":{"h5ap_radio_sources":[],"jetpack_post_was_ever_published":false,"_jetpack_newsletter_access":"","_jetpack_dont_email_post_to_subs":false,"_jetpack_newsletter_tier_id":0,"_jetpack_memberships_contains_paywalled_content":false,"_jetpack_memberships_contains_paid_content":false,"footnotes":"","jetpack_publicize_message":"","jetpack_publicize_feature_enabled":true,"jetpack_social_post_already_shared":true,"jetpack_social_options":{"image_generator_settings":{"template":"highway","default_image_id":0,"font":"","enabled":false},"version":2}},"categories":[2,240,10],"tags":[466],"class_list":["post-5791","post","type-post","status-publish","format-standard","has-post-thumbnail","hentry","category-accueil","category-actualite","category-vos-droits","tag-retraite-progressive"],"jetpack_publicize_connections":[],"jetpack_featured_media_url":"https:\/\/i0.wp.com\/foastek.fr\/wp-content\/uploads\/2025\/09\/retraite_progressive.jpg?fit=470%2C263&ssl=1","jetpack_sharing_enabled":true,"jetpack_shortlink":"https:\/\/wp.me\/p77E1E-1vp","jetpack-related-posts":[],"_links":{"self":[{"href":"https:\/\/foastek.fr\/index.php?rest_route=\/wp\/v2\/posts\/5791","targetHints":{"allow":["GET"]}}],"collection":[{"href":"https:\/\/foastek.fr\/index.php?rest_route=\/wp\/v2\/posts"}],"about":[{"href":"https:\/\/foastek.fr\/index.php?rest_route=\/wp\/v2\/types\/post"}],"author":[{"embeddable":true,"href":"https:\/\/foastek.fr\/index.php?rest_route=\/wp\/v2\/users\/1"}],"replies":[{"embeddable":true,"href":"https:\/\/foastek.fr\/index.php?rest_route=%2Fwp%2Fv2%2Fcomments&post=5791"}],"version-history":[{"count":1,"href":"https:\/\/foastek.fr\/index.php?rest_route=\/wp\/v2\/posts\/5791\/revisions"}],"predecessor-version":[{"id":5793,"href":"https:\/\/foastek.fr\/index.php?rest_route=\/wp\/v2\/posts\/5791\/revisions\/5793"}],"wp:featuredmedia":[{"embeddable":true,"href":"https:\/\/foastek.fr\/index.php?rest_route=\/wp\/v2\/media\/5792"}],"wp:attachment":[{"href":"https:\/\/foastek.fr\/index.php?rest_route=%2Fwp%2Fv2%2Fmedia&parent=5791"}],"wp:term":[{"taxonomy":"category","embeddable":true,"href":"https:\/\/foastek.fr\/index.php?rest_route=%2Fwp%2Fv2%2Fcategories&post=5791"},{"taxonomy":"post_tag","embeddable":true,"href":"https:\/\/foastek.fr\/index.php?rest_route=%2Fwp%2Fv2%2Ftags&post=5791"}],"curies":[{"name":"wp","href":"https:\/\/api.w.org\/{rel}","templated":true}]}}