{"id":58,"date":"2014-07-18T15:16:11","date_gmt":"2014-07-18T14:16:11","guid":{"rendered":"http:\/\/foastek.fr\/?p=58"},"modified":"2023-04-15T19:14:40","modified_gmt":"2023-04-15T18:14:40","slug":"reduction-des-effectifs-action-du-comite-dentreprise","status":"publish","type":"post","link":"https:\/\/foastek.fr\/?p=58","title":{"rendered":"R\u00e9duction des effectifs : action du Comit\u00e9 d\u2019entreprise"},"content":{"rendered":"<p>Communication intersyndicale et inter-CE sur la forte r\u00e9duction des effectifs.<\/p>\n<p>T\u00e9l\u00e9charger le communiqu\u00e9 intitul\u00e9&nbsp;<a href=\"http:\/\/foastek.fr\/wp-content\/uploads\/2015\/11\/Communication-inter-ce-inter-syndicats.pdf\">Vos \u00e9lus et vos syndicats du groupe Astek sifflent la mi-temps !<\/a> <em>(pdf, 1 page, 288 Ko)<\/em>.<\/p>\n","protected":false},"excerpt":{"rendered":"<div class=\"mh-excerpt\"><p>Communication intersyndicale et inter-CE sur la forte r\u00e9duction des effectifs. T\u00e9l\u00e9charger le communiqu\u00e9 intitul\u00e9&nbsp;Vos \u00e9lus et vos syndicats du groupe Astek sifflent la mi-temps ! <a class=\"mh-excerpt-more\" href=\"https:\/\/foastek.fr\/?p=58\" title=\"R\u00e9duction des effectifs : action du Comit\u00e9 d\u2019entreprise\">[&#8230;]<\/a><\/p>\n<\/div>","protected":false},"author":1,"featured_media":0,"comment_status":"open","ping_status":"open","sticky":false,"template":"","format":"standard","meta":{"h5ap_radio_sources":[],"jetpack_post_was_ever_published":false,"_jetpack_newsletter_access":"","_jetpack_dont_email_post_to_subs":false,"_jetpack_newsletter_tier_id":0,"_jetpack_memberships_contains_paywalled_content":false,"_jetpack_memberships_contains_paid_content":false,"footnotes":"","jetpack_publicize_message":"","jetpack_publicize_feature_enabled":true,"jetpack_social_post_already_shared":false,"jetpack_social_options":{"image_generator_settings":{"template":"highway","default_image_id":0,"font":"","enabled":false},"version":2}},"categories":[2,256],"tags":[35,36],"class_list":["post-58","post","type-post","status-publish","format-standard","hentry","category-accueil","category-astek","tag-intersyndicale","tag-ues-groupe-astek"],"jetpack_publicize_connections":[],"jetpack_featured_media_url":"","jetpack_sharing_enabled":true,"jetpack_shortlink":"https:\/\/wp.me\/p77E1E-W","jetpack-related-posts":[],"_links":{"self":[{"href":"https:\/\/foastek.fr\/index.php?rest_route=\/wp\/v2\/posts\/58","targetHints":{"allow":["GET"]}}],"collection":[{"href":"https:\/\/foastek.fr\/index.php?rest_route=\/wp\/v2\/posts"}],"about":[{"href":"https:\/\/foastek.fr\/index.php?rest_route=\/wp\/v2\/types\/post"}],"author":[{"embeddable":true,"href":"https:\/\/foastek.fr\/index.php?rest_route=\/wp\/v2\/users\/1"}],"replies":[{"embeddable":true,"href":"https:\/\/foastek.fr\/index.php?rest_route=%2Fwp%2Fv2%2Fcomments&post=58"}],"version-history":[{"count":2,"href":"https:\/\/foastek.fr\/index.php?rest_route=\/wp\/v2\/posts\/58\/revisions"}],"predecessor-version":[{"id":4134,"href":"https:\/\/foastek.fr\/index.php?rest_route=\/wp\/v2\/posts\/58\/revisions\/4134"}],"wp:attachment":[{"href":"https:\/\/foastek.fr\/index.php?rest_route=%2Fwp%2Fv2%2Fmedia&parent=58"}],"wp:term":[{"taxonomy":"category","embeddable":true,"href":"https:\/\/foastek.fr\/index.php?rest_route=%2Fwp%2Fv2%2Fcategories&post=58"},{"taxonomy":"post_tag","embeddable":true,"href":"https:\/\/foastek.fr\/index.php?rest_route=%2Fwp%2Fv2%2Ftags&post=58"}],"curies":[{"name":"wp","href":"https:\/\/api.w.org\/{rel}","templated":true}]}}