{"id":5801,"date":"2025-09-16T08:34:00","date_gmt":"2025-09-16T07:34:00","guid":{"rendered":"https:\/\/foastek.fr\/?p=5801"},"modified":"2025-09-11T16:12:27","modified_gmt":"2025-09-11T15:12:27","slug":"cadres-et-parentalite-un-equilibre-fragile-et-des-inegalites-persistantes","status":"publish","type":"post","link":"https:\/\/foastek.fr\/?p=5801","title":{"rendered":"Cadres et parentalit\u00e9 : Un \u00e9quilibre fragile et des in\u00e9galit\u00e9s persistantes"},"content":{"rendered":"\n<p>L\u2019Apec a publi\u00e9 <a href=\"https:\/\/corporate.apec.fr\/files\/live\/sites\/corporate\/files\/Nos%20etudes\/PDF\/La%20parentalit%c3%a9%20chez%20les%20cadres\">une \u00e9tude<\/a> consacr\u00e9e aux difficult\u00e9s rencontr\u00e9es par les cadres parents dans la conciliation de leur vie professionnelle et personnelle. Malgr\u00e9 une organisation du travail plus souple, les contraintes restent fortes, notamment pour les m\u00e8res.<\/p>\n\n\n\n<p><strong>Une conciliation plus difficile pour les cadres parents<\/strong><\/p>\n\n\n\n<p>37 % des cadres ayant un ou plusieurs enfants mineurs d\u00e9clarent \u00e9prouver des difficult\u00e9s \u00e0 articuler vie professionnelle et vie personnelle, soit 10 points de plus que les autres cadres. Ce pourcentage atteint 45 % chez les parents d\u2019enfants de moins de 6 ans. Ces contraintes entra\u00eenent des renoncements, tant sur le plan personnel que professionnel : 70 % des m\u00e8res et 60 % des p\u00e8res disent manquer de temps pour eux-m\u00eames, et les soins m\u00e9dicaux sont plus souvent repouss\u00e9s.<\/p>\n\n\n\n<p>Les effets se font aussi sentir au travail : 44 % des cadres parents d\u00e9clarent renoncer \u00e0 des \u00e9v\u00e9nements professionnels informels, et pr\u00e8s de 30 % estiment que leur situation familiale a entra\u00een\u00e9 des occasions manqu\u00e9es en mati\u00e8re de promotion ou d\u2019\u00e9volution. Par ailleurs, 31 % ont d\u00e9j\u00e0 refus\u00e9 une opportunit\u00e9 de mobilit\u00e9 externe, et 13 % ont d\u00e9clin\u00e9 une promotion interne \u00e0 cause de leur r\u00f4le parental.<\/p>\n\n\n\n<p><strong>Des outils d\u2019organisation bien int\u00e9gr\u00e9s mais insuffisants<\/strong><\/p>\n\n\n\n<p>Parmi les mesures jug\u00e9es prioritaires pour soutenir la parentalit\u00e9, 49 % des cadres citent la souplesse organisationnelle, devant les autorisations d\u2019absence (34 %) ou les r\u00e8gles favorisant l\u2019\u00e9quilibre de vie (33 %). Cette souplesse est d\u00e9j\u00e0 effective pour 84 % des cadres, qui peuvent moduler leurs horaires et t\u00e9l\u00e9travailler. Les parents y recourent davantage : 73 % adaptent leurs horaires pour des raisons personnelles, contre 64 % des cadres sans enfant mineur.<\/p>\n\n\n\n<p>Le t\u00e9l\u00e9travail est \u00e9galement plus fr\u00e9quent chez les parents (67 % contre 64 %). Ils l\u2019utilisent souvent pour g\u00e9rer les impr\u00e9vus li\u00e9s \u00e0 leurs enfants, comme les trajets scolaires ou les absences de garde. 52 % des m\u00e8res consid\u00e8rent que le t\u00e9l\u00e9travail a am\u00e9lior\u00e9 leur \u00e9quilibre de vie, contre 43 % des p\u00e8res. Ce recours \u00e0 la flexibilit\u00e9 compense partiellement les contraintes, mais ne les \u00e9limine pas.<\/p>\n\n\n\n<p><strong>Des in\u00e9galit\u00e9s fortes entre m\u00e8res et p\u00e8res<\/strong><\/p>\n\n\n\n<p>Les m\u00e8res cadres assument plus fr\u00e9quemment la charge des impr\u00e9vus : 50 % g\u00e8rent seules un enfant malade, contre 18 % des p\u00e8res ; elles sont \u00e9galement majoritaires \u00e0 s\u2019occuper des rendez-vous m\u00e9dicaux (55 % contre 22 %) ou des d\u00e9faillances de garde (43 % contre 21 %). Elles sont aussi plus souvent \u00e0 temps partiel (14 % contre 3 %), principalement pour s\u2019occuper des enfants.<\/p>\n\n\n\n<p>Cette charge plus lourde a des r\u00e9percussions sur leur sant\u00e9 mentale : 62 % des m\u00e8res cadres d\u00e9clarent ressentir de l\u2019\u00e9puisement professionnel, contre 53 % des p\u00e8res. Ce chiffre grimpe \u00e0 64 % chez les m\u00e8res en situation de monoparentalit\u00e9. En parall\u00e8le, 45 % des cadres parents disent travailler r\u00e9guli\u00e8rement sous pression (contre 36 % des cadres sans enfant mineur), et 68 % estiment devoir penser \u00e0 trop de choses \u00e0 la fois dans leur travail quotidien.<\/p>\n\n\n\n<p><strong>Le guide FO Cadres \/ Jeunes dipl\u00f4m\u00e9s &#8211; Vivre pleinement sa parentalit\u00e9<\/strong><\/p>\n\n\n\n<div data-wp-interactive=\"core\/file\" class=\"wp-block-file\"><object data-wp-bind--hidden=\"!state.hasPdfPreview\" hidden class=\"wp-block-file__embed\" data=\"https:\/\/foastek.fr\/wp-content\/uploads\/2025\/09\/Cadres_JD_Vivre_pleinement_sa_parentalite_d84ff718fc.pdf\" type=\"application\/pdf\" style=\"width:100%;height:600px\" aria-label=\"Contenu embarqu\u00e9 Cadres_JD_Vivre_pleinement_sa_parentalite_d84ff718fc.\"><\/object><a id=\"wp-block-file--media-f7a34ca1-b5ca-4927-a925-b0a846df012a\" href=\"https:\/\/foastek.fr\/wp-content\/uploads\/2025\/09\/Cadres_JD_Vivre_pleinement_sa_parentalite_d84ff718fc.pdf\">Cadres_JD_Vivre_pleinement_sa_parentalite_d84ff718fc<\/a><a href=\"https:\/\/foastek.fr\/wp-content\/uploads\/2025\/09\/Cadres_JD_Vivre_pleinement_sa_parentalite_d84ff718fc.pdf\" class=\"wp-block-file__button wp-element-button\" download aria-describedby=\"wp-block-file--media-f7a34ca1-b5ca-4927-a925-b0a846df012a\">T\u00e9l\u00e9charger<\/a><\/div>\n\n\n\n<p><\/p>\n\n\n\n<p><strong>Vous avez des questions<\/strong><\/p>\n\n\n\n<p>Contactez nos repr\u00e9sentants FO au sein du groupe astek<\/p>\n\n\n\n<p><\/p>\n\n\n\n<p><em>Source : <a href=\"https:\/\/www.fo-cadres.fr\/actualites\/economie-emploi\/cadres-et-parentalite\/\">https:\/\/www.fo-cadres.fr\/actualites\/economie-emploi\/cadres-et-parentalite\/<\/a><\/em><\/p>\n","protected":false},"excerpt":{"rendered":"<div class=\"mh-excerpt\"><p>L\u2019Apec a publi\u00e9 une \u00e9tude consacr\u00e9e aux difficult\u00e9s rencontr\u00e9es par les cadres parents dans la conciliation de leur vie professionnelle et personnelle. Malgr\u00e9 une organisation <a class=\"mh-excerpt-more\" href=\"https:\/\/foastek.fr\/?p=5801\" title=\"Cadres et parentalit\u00e9 : Un \u00e9quilibre fragile et des in\u00e9galit\u00e9s persistantes\">[&#8230;]<\/a><\/p>\n<\/div>","protected":false},"author":1,"featured_media":5802,"comment_status":"open","ping_status":"open","sticky":false,"template":"","format":"standard","meta":{"h5ap_radio_sources":[],"jetpack_post_was_ever_published":false,"_jetpack_newsletter_access":"","_jetpack_dont_email_post_to_subs":false,"_jetpack_newsletter_tier_id":0,"_jetpack_memberships_contains_paywalled_content":false,"_jetpack_memberships_contains_paid_content":false,"footnotes":"","jetpack_publicize_message":"","jetpack_publicize_feature_enabled":true,"jetpack_social_post_already_shared":true,"jetpack_social_options":{"image_generator_settings":{"template":"highway","default_image_id":0,"font":"","enabled":false},"version":2}},"categories":[2,240,10],"tags":[469,181,29,456],"class_list":["post-5801","post","type-post","status-publish","format-standard","has-post-thumbnail","hentry","category-accueil","category-actualite","category-vos-droits","tag-apec","tag-cadre","tag-fo-cadres","tag-parentalite"],"jetpack_publicize_connections":[],"jetpack_featured_media_url":"https:\/\/i0.wp.com\/foastek.fr\/wp-content\/uploads\/2025\/09\/Parentalite2025_8516af108e.jpg?fit=1139%2C755&ssl=1","jetpack_sharing_enabled":true,"jetpack_shortlink":"https:\/\/wp.me\/p77E1E-1vz","jetpack-related-posts":[],"_links":{"self":[{"href":"https:\/\/foastek.fr\/index.php?rest_route=\/wp\/v2\/posts\/5801","targetHints":{"allow":["GET"]}}],"collection":[{"href":"https:\/\/foastek.fr\/index.php?rest_route=\/wp\/v2\/posts"}],"about":[{"href":"https:\/\/foastek.fr\/index.php?rest_route=\/wp\/v2\/types\/post"}],"author":[{"embeddable":true,"href":"https:\/\/foastek.fr\/index.php?rest_route=\/wp\/v2\/users\/1"}],"replies":[{"embeddable":true,"href":"https:\/\/foastek.fr\/index.php?rest_route=%2Fwp%2Fv2%2Fcomments&post=5801"}],"version-history":[{"count":3,"href":"https:\/\/foastek.fr\/index.php?rest_route=\/wp\/v2\/posts\/5801\/revisions"}],"predecessor-version":[{"id":5815,"href":"https:\/\/foastek.fr\/index.php?rest_route=\/wp\/v2\/posts\/5801\/revisions\/5815"}],"wp:featuredmedia":[{"embeddable":true,"href":"https:\/\/foastek.fr\/index.php?rest_route=\/wp\/v2\/media\/5802"}],"wp:attachment":[{"href":"https:\/\/foastek.fr\/index.php?rest_route=%2Fwp%2Fv2%2Fmedia&parent=5801"}],"wp:term":[{"taxonomy":"category","embeddable":true,"href":"https:\/\/foastek.fr\/index.php?rest_route=%2Fwp%2Fv2%2Fcategories&post=5801"},{"taxonomy":"post_tag","embeddable":true,"href":"https:\/\/foastek.fr\/index.php?rest_route=%2Fwp%2Fv2%2Ftags&post=5801"}],"curies":[{"name":"wp","href":"https:\/\/api.w.org\/{rel}","templated":true}]}}