{"id":5810,"date":"2025-09-09T13:52:33","date_gmt":"2025-09-09T12:52:33","guid":{"rendered":"https:\/\/foastek.fr\/?p=5810"},"modified":"2025-09-10T13:57:09","modified_gmt":"2025-09-10T12:57:09","slug":"sante-mentale-une-charte-pour-structurer-lengagement-des-entreprises","status":"publish","type":"post","link":"https:\/\/foastek.fr\/?p=5810","title":{"rendered":"Sant\u00e9 mentale : Une charte pour structurer l\u2019engagement des entreprises"},"content":{"rendered":"\n<p><strong>Le Gouvernement, en partenariat avec l\u2019Alliance pour la sant\u00e9 mentale, a publi\u00e9 une charte d\u2019engagement pour inciter les employeurs \u00e0 structurer leurs actions en faveur de la sant\u00e9 mentale au travail. Ce texte, rendu public fin ao\u00fbt, fixe un cap commun pour les entreprises volontaires \u00e0 travers un ensemble d\u2019objectifs concrets \u00e0 mettre en \u0153uvre dans un d\u00e9lai de trois ans.<\/strong><\/p>\n\n\n\n<p>Un quart des salari\u00e9s se d\u00e9clarent en mauvaise sant\u00e9 mentale, et les troubles psychologiques constituent d\u00e9sormais la premi\u00e8re cause des arr\u00eats maladie de longue dur\u00e9e. Dans ce contexte, le gouvernement propose aux employeurs une d\u00e9marche d\u2019engagement structur\u00e9e et progressive autour de quatre axes : sensibiliser, dialoguer, am\u00e9liorer les conditions de travail, accompagner les situations individuelles.<\/p>\n\n\n\n<p><strong>Cr\u00e9er les conditions d\u2019un dialogue actif sur la sant\u00e9 mentale<\/strong><\/p>\n\n\n\n<p>Parler de sant\u00e9 mentale dans les organisations reste encore difficile. Le premier axe vise \u00e0 faire \u00e9voluer les repr\u00e9sentations et \u00e0 favoriser une culture commune sur ce sujet, notamment par la formation, la diffusion d\u2019outils et la participation des directions au changement de posture. La sant\u00e9 mentale y est pr\u00e9sent\u00e9e comme un enjeu transversal, \u00e0 la fois individuel et collectif.<\/p>\n\n\n\n<p>Le deuxi\u00e8me axe concerne le d\u00e9veloppement du dialogue autour des conditions de travail, en s\u2019appuyant sur les acteurs internes \u2013 employeurs, RH, managers, repr\u00e9sentants du personnel \u2013 pour renforcer la pr\u00e9vention des risques psychosociaux. Ce dialogue professionnel et social est pr\u00e9sent\u00e9 comme un levier structurant, au service de la qualit\u00e9 de vie et de la performance.<\/p>\n\n\n\n<p><strong>Am\u00e9lioration continue et attention port\u00e9e aux publics sp\u00e9cifiques<\/strong><\/p>\n\n\n\n<p>Les entreprises signataires s\u2019engagent \u00e9galement \u00e0 examiner et \u00e0 am\u00e9liorer les conditions de travail de fa\u00e7on continue, notamment via les d\u00e9marches de QVCT. Une vigilance particuli\u00e8re est encourag\u00e9e pour certains profils (jeunes, femmes, seniors, aidants, personnes en situation de handicap\u2026), dans une logique d\u2019inclusion et de performance durable. Les managers et les RH sont identifi\u00e9s comme des relais-cl\u00e9s \u00e0 cette fin.<\/p>\n\n\n\n<p>Ils doivent pouvoir \u00eatre form\u00e9s et soutenus dans leur r\u00f4le, afin de donner du sens, accompagner les changements organisationnels et favoriser la coh\u00e9sion. Cette dimension manag\u00e9riale est au c\u0153ur de la charte, qui propose une approche op\u00e9rationnelle ancr\u00e9e dans la r\u00e9alit\u00e9 des collectifs de travail.<\/p>\n\n\n\n<p><strong>Soutien aux personnes et ancrage dans la pr\u00e9vention r\u00e9glementaire<\/strong><\/p>\n\n\n\n<p>Enfin, la charte engage les entreprises \u00e0 d\u00e9velopper des dispositifs d\u2019accompagnement individuel. Cela inclut des formations au secourisme en sant\u00e9 mentale, la lutte contre la s\u00e9dentarit\u00e9, la pr\u00e9vention des discriminations, ou encore l\u2019am\u00e9nagement des situations de travail particuli\u00e8res. Les ressources internes et externes doivent \u00eatre mieux identifi\u00e9es, et les salari\u00e9s inform\u00e9s de leur existence.<\/p>\n\n\n\n<p>La charte rappelle que ces actions s\u2019inscrivent dans le cadre du droit existant, notamment via l\u2019actualisation r\u00e9guli\u00e8re du DUERP, pr\u00e9vue par l\u2019article L. 4121-3-1 du Code du travail. Elle encourage les entreprises \u00e0 structurer leurs engagements, \u00e0 en assurer le suivi et \u00e0 partager leurs bonnes pratiques au sein du r\u00e9seau des signataires.<\/p>\n\n\n\n<p>La charte : <a href=\"https:\/\/www.aefinfo.fr\/assets\/medias\/documents\/5\/6\/561107.pdf\">https:\/\/www.aefinfo.fr\/assets\/medias\/documents\/5\/6\/561107.pdf<\/a><\/p>\n\n\n\n<p><\/p>\n\n\n\n<p><em>Source : <a href=\"https:\/\/www.fo-cadres.fr\/actualites\/economie-emploi\/sante-mentale-a58fpo\/\">https:\/\/www.fo-cadres.fr\/actualites\/economie-emploi\/sante-mentale-a58fpo\/<\/a><\/em><\/p>\n","protected":false},"excerpt":{"rendered":"<div class=\"mh-excerpt\"><p>Le Gouvernement, en partenariat avec l\u2019Alliance pour la sant\u00e9 mentale, a publi\u00e9 une charte d\u2019engagement pour inciter les employeurs \u00e0 structurer leurs actions en faveur <a class=\"mh-excerpt-more\" href=\"https:\/\/foastek.fr\/?p=5810\" title=\"Sant\u00e9 mentale : Une charte pour structurer l\u2019engagement des entreprises\">[&#8230;]<\/a><\/p>\n<\/div>","protected":false},"author":1,"featured_media":5811,"comment_status":"open","ping_status":"open","sticky":false,"template":"","format":"standard","meta":{"h5ap_radio_sources":[],"jetpack_post_was_ever_published":false,"_jetpack_newsletter_access":"","_jetpack_dont_email_post_to_subs":false,"_jetpack_newsletter_tier_id":0,"_jetpack_memberships_contains_paywalled_content":false,"_jetpack_memberships_contains_paid_content":false,"footnotes":"","jetpack_publicize_message":"","jetpack_publicize_feature_enabled":true,"jetpack_social_post_already_shared":true,"jetpack_social_options":{"image_generator_settings":{"template":"highway","default_image_id":0,"font":"","enabled":false},"version":2}},"categories":[2,240,10],"tags":[470,50,471],"class_list":["post-5810","post","type-post","status-publish","format-standard","has-post-thumbnail","hentry","category-accueil","category-actualite","category-vos-droits","tag-charte","tag-fo","tag-sante-mentale"],"jetpack_publicize_connections":[],"jetpack_featured_media_url":"https:\/\/i0.wp.com\/foastek.fr\/wp-content\/uploads\/2025\/09\/Charte_sante_mentale_2025_174dc63aa9.jpg?fit=1137%2C756&ssl=1","jetpack_sharing_enabled":true,"jetpack_shortlink":"https:\/\/wp.me\/p77E1E-1vI","jetpack-related-posts":[],"_links":{"self":[{"href":"https:\/\/foastek.fr\/index.php?rest_route=\/wp\/v2\/posts\/5810","targetHints":{"allow":["GET"]}}],"collection":[{"href":"https:\/\/foastek.fr\/index.php?rest_route=\/wp\/v2\/posts"}],"about":[{"href":"https:\/\/foastek.fr\/index.php?rest_route=\/wp\/v2\/types\/post"}],"author":[{"embeddable":true,"href":"https:\/\/foastek.fr\/index.php?rest_route=\/wp\/v2\/users\/1"}],"replies":[{"embeddable":true,"href":"https:\/\/foastek.fr\/index.php?rest_route=%2Fwp%2Fv2%2Fcomments&post=5810"}],"version-history":[{"count":2,"href":"https:\/\/foastek.fr\/index.php?rest_route=\/wp\/v2\/posts\/5810\/revisions"}],"predecessor-version":[{"id":5813,"href":"https:\/\/foastek.fr\/index.php?rest_route=\/wp\/v2\/posts\/5810\/revisions\/5813"}],"wp:featuredmedia":[{"embeddable":true,"href":"https:\/\/foastek.fr\/index.php?rest_route=\/wp\/v2\/media\/5811"}],"wp:attachment":[{"href":"https:\/\/foastek.fr\/index.php?rest_route=%2Fwp%2Fv2%2Fmedia&parent=5810"}],"wp:term":[{"taxonomy":"category","embeddable":true,"href":"https:\/\/foastek.fr\/index.php?rest_route=%2Fwp%2Fv2%2Fcategories&post=5810"},{"taxonomy":"post_tag","embeddable":true,"href":"https:\/\/foastek.fr\/index.php?rest_route=%2Fwp%2Fv2%2Ftags&post=5810"}],"curies":[{"name":"wp","href":"https:\/\/api.w.org\/{rel}","templated":true}]}}