{"id":5819,"date":"2025-09-15T08:12:00","date_gmt":"2025-09-15T07:12:00","guid":{"rendered":"https:\/\/foastek.fr\/?p=5819"},"modified":"2025-09-11T16:17:01","modified_gmt":"2025-09-11T15:17:01","slug":"conges-payes-et-arret-maladie-la-cour-de-cassation-aligne-le-droit-francais-sur-le-droit-europeen","status":"publish","type":"post","link":"https:\/\/foastek.fr\/?p=5819","title":{"rendered":"Cong\u00e9s pay\u00e9s et arr\u00eat maladie : La Cour de cassation aligne le droit fran\u00e7ais sur le droit europ\u00e9en"},"content":{"rendered":"\n<p>La Cour de cassation a rendu, le 10 septembre 2025, un arr\u00eat tr\u00e8s attendu qui consacre un principe majeur : lorsqu\u2019un salari\u00e9 tombe malade pendant ses cong\u00e9s pay\u00e9s et notifie son arr\u00eat de travail \u00e0 son employeur, il a le droit de reporter ses cong\u00e9s \u00e0 une date ult\u00e9rieure.<\/p>\n\n\n\n<h4 class=\"wp-block-heading\">Un revirement de jurisprudence attendu<\/h4>\n\n\n\n<p>Jusqu\u2019ici, la jurisprudence fran\u00e7aise refusait ce droit, consid\u00e9rant qu\u2019un arr\u00eat maladie survenant au cours des cong\u00e9s n\u2019interrompait pas ceux-ci. Cette position, affirm\u00e9e notamment en 1996, se heurtait depuis plusieurs ann\u00e9es \u00e0 la jurisprudence de la Cour de justice de l\u2019Union europ\u00e9enne (CJUE), qui avait rappel\u00e9 en 2012 que maladie et cong\u00e9s n\u2019avaient pas la m\u00eame finalit\u00e9.<\/p>\n\n\n\n<ul class=\"wp-block-list\">\n<li>Le cong\u00e9 pay\u00e9 vise le repos, la d\u00e9tente et les loisirs.<\/li>\n\n\n\n<li>Le cong\u00e9 de maladie a pour objectif la gu\u00e9rison et la r\u00e9cup\u00e9ration de l\u2019\u00e9tat de sant\u00e9.<\/li>\n<\/ul>\n\n\n\n<p>Puisque la maladie emp\u00eache le salari\u00e9 de se reposer, celui-ci doit pouvoir b\u00e9n\u00e9ficier de ses cong\u00e9s ult\u00e9rieurement.<\/p>\n\n\n\n<p>Cette d\u00e9cision met donc le droit fran\u00e7ais en conformit\u00e9 avec les exigences europ\u00e9ennes, apr\u00e8s la mise en demeure adress\u00e9e par la Commission europ\u00e9enne en juin 2025.<\/p>\n\n\n\n<h4 class=\"wp-block-heading\">Une condition essentielle : la notification de l\u2019arr\u00eat maladie<\/h4>\n\n\n\n<p>La Cour de cassation insiste sur un point cl\u00e9 : le report n\u2019est possible que si le salari\u00e9 notifie son arr\u00eat de travail \u00e0 l\u2019employeur. Sans cette formalit\u00e9, le droit au report ne peut \u00eatre exerc\u00e9.<\/p>\n\n\n\n<h4 class=\"wp-block-heading\">Une confirmation par rapport \u00e0 l\u2019\u00e9volution l\u00e9gislative<\/h4>\n\n\n\n<p>La solution s\u2019inscrit dans la continuit\u00e9 de la loi Ddadue du 22 avril 2024, qui avait d\u00e9j\u00e0 \u00e9largi les droits des salari\u00e9s en mati\u00e8re de cong\u00e9s pay\u00e9s, notamment en reconnaissant leur acquisition pendant les p\u00e9riodes d\u2019arr\u00eat maladie. Le Code du travail (articles L.3141-5, L.3141-19-1 et L.3141-19-2) pr\u00e9voit d\u00e9sormais que les cong\u00e9s doivent \u00eatre report\u00e9s lorsqu\u2019ils n\u2019ont pas pu \u00eatre pris du fait d\u2019une maladie.<\/p>\n\n\n\n<p>La Direction g\u00e9n\u00e9rale du travail souligne d\u2019ailleurs que cet arr\u00eat vient \u00ab consacrer un droit d\u00e9j\u00e0 int\u00e9gr\u00e9 dans notre droit national \u00bb, et qu\u2019aucune circulaire explicative ou FAQ n\u2019est pr\u00e9vue.<\/p>\n\n\n\n<h4 class=\"wp-block-heading\">Des impacts pratiques pour les employeurs et les salari\u00e9s<\/h4>\n\n\n\n<p>Cette d\u00e9cision va avoir des cons\u00e9quences directes dans de nombreuses entreprises. Elle impose une r\u00e9vision des pratiques en mati\u00e8re de gestion des cong\u00e9s et du temps de travail, et risquent de soulever des questions pratiques :<\/p>\n\n\n\n<ul class=\"wp-block-list\">\n<li>Comment organiser le report des cong\u00e9s non pris ?<\/li>\n\n\n\n<li>Quels justificatifs exiger pour s\u00e9curiser la proc\u00e9dure ?<\/li>\n<\/ul>\n\n\n\n<p>En somme, la Cour de cassation ouvre une nouvelle page en mati\u00e8re de droit du travail, en affirmant que la maladie ne peut priver un salari\u00e9 de son droit au repos.<\/p>\n\n\n\n<p>Cass. soc., 10&nbsp;septembre&nbsp;2025, n\u00b0&nbsp;<a href=\"https:\/\/www.courdecassation.fr\/files\/files\/Communiqu%C3%A9s\/D%C3%A9cision%20%20-%20Cong%C3%A9%20pay%C3%A9%20et%20arret%20maladie.pdf\"><u>23-22.732<\/u><\/a>, publi\u00e9 et au rapport annuel<\/p>\n","protected":false},"excerpt":{"rendered":"<div class=\"mh-excerpt\"><p>La Cour de cassation a rendu, le 10 septembre 2025, un arr\u00eat tr\u00e8s attendu qui consacre un principe majeur : lorsqu\u2019un salari\u00e9 tombe malade pendant <a class=\"mh-excerpt-more\" href=\"https:\/\/foastek.fr\/?p=5819\" title=\"Cong\u00e9s pay\u00e9s et arr\u00eat maladie : La Cour de cassation aligne le droit fran\u00e7ais sur le droit europ\u00e9en\">[&#8230;]<\/a><\/p>\n<\/div>","protected":false},"author":1,"featured_media":4350,"comment_status":"open","ping_status":"open","sticky":false,"template":"","format":"standard","meta":{"h5ap_radio_sources":[],"jetpack_post_was_ever_published":false,"_jetpack_newsletter_access":"","_jetpack_dont_email_post_to_subs":false,"_jetpack_newsletter_tier_id":0,"_jetpack_memberships_contains_paywalled_content":false,"_jetpack_memberships_contains_paid_content":false,"footnotes":"","jetpack_publicize_message":"","jetpack_publicize_feature_enabled":true,"jetpack_social_post_already_shared":true,"jetpack_social_options":{"image_generator_settings":{"template":"highway","default_image_id":0,"font":"","enabled":false},"version":2}},"categories":[2,240,10],"tags":[362,170,284,149],"class_list":["post-5819","post","type-post","status-publish","format-standard","has-post-thumbnail","hentry","category-accueil","category-actualite","category-vos-droits","tag-arret-maladie","tag-cassation","tag-conges-payes","tag-justice"],"jetpack_publicize_connections":[],"jetpack_featured_media_url":"https:\/\/i0.wp.com\/foastek.fr\/wp-content\/uploads\/2023\/04\/palais_justice.jpg?fit=805%2C453&ssl=1","jetpack_sharing_enabled":true,"jetpack_shortlink":"https:\/\/wp.me\/p77E1E-1vR","jetpack-related-posts":[],"_links":{"self":[{"href":"https:\/\/foastek.fr\/index.php?rest_route=\/wp\/v2\/posts\/5819","targetHints":{"allow":["GET"]}}],"collection":[{"href":"https:\/\/foastek.fr\/index.php?rest_route=\/wp\/v2\/posts"}],"about":[{"href":"https:\/\/foastek.fr\/index.php?rest_route=\/wp\/v2\/types\/post"}],"author":[{"embeddable":true,"href":"https:\/\/foastek.fr\/index.php?rest_route=\/wp\/v2\/users\/1"}],"replies":[{"embeddable":true,"href":"https:\/\/foastek.fr\/index.php?rest_route=%2Fwp%2Fv2%2Fcomments&post=5819"}],"version-history":[{"count":2,"href":"https:\/\/foastek.fr\/index.php?rest_route=\/wp\/v2\/posts\/5819\/revisions"}],"predecessor-version":[{"id":5823,"href":"https:\/\/foastek.fr\/index.php?rest_route=\/wp\/v2\/posts\/5819\/revisions\/5823"}],"wp:featuredmedia":[{"embeddable":true,"href":"https:\/\/foastek.fr\/index.php?rest_route=\/wp\/v2\/media\/4350"}],"wp:attachment":[{"href":"https:\/\/foastek.fr\/index.php?rest_route=%2Fwp%2Fv2%2Fmedia&parent=5819"}],"wp:term":[{"taxonomy":"category","embeddable":true,"href":"https:\/\/foastek.fr\/index.php?rest_route=%2Fwp%2Fv2%2Fcategories&post=5819"},{"taxonomy":"post_tag","embeddable":true,"href":"https:\/\/foastek.fr\/index.php?rest_route=%2Fwp%2Fv2%2Ftags&post=5819"}],"curies":[{"name":"wp","href":"https:\/\/api.w.org\/{rel}","templated":true}]}}