{"id":5880,"date":"2025-09-17T12:37:20","date_gmt":"2025-09-17T11:37:20","guid":{"rendered":"https:\/\/foastek.fr\/?p=5880"},"modified":"2025-11-07T12:39:47","modified_gmt":"2025-11-07T11:39:47","slug":"licenciement-economique-une-degradation-persistante-du-chiffre-daffaires-peut-caracteriser-des-difficultes-economiques","status":"publish","type":"post","link":"https:\/\/foastek.fr\/?p=5880","title":{"rendered":"Licenciement \u00e9conomique\u00a0: une d\u00e9gradation persistante du chiffre d&rsquo;affaires peut caract\u00e9riser des difficult\u00e9s \u00e9conomiques"},"content":{"rendered":"\n<p>La Cour de cassation rappelle que lorsque l&#8217;employeur qui a prononc\u00e9 un licenciement \u00e9conomique n&rsquo;est pas en mesure de justifier d&rsquo;une \u00ab\u00a0baisse significative\u00a0\u00bb des commandes ou du chiffre d&rsquo;affaires au sens du code du travail, le juge peut prendre en consid\u00e9ration tout autre \u00e9l\u00e9ment de nature \u00e0 justifier de difficult\u00e9s \u00e9conomiques. Une d\u00e9gradation persistante du chiffre d&rsquo;affaires peut ainsi caract\u00e9riser des difficult\u00e9s \u00e9conomiques au jour du licenciement.<\/p>\n\n\n\n<p>D\u00e9cision : <em>Cass. soc. 17 septembre 2025, n\u00b0\u00a0<\/em><a href=\"https:\/\/rfsocial.grouperf.com\/lien_spad\/?base=JURI&amp;orig=REVUE_RF_FH&amp;juridiction=CASS&amp;chambre=SOC.&amp;numero=24-12213&amp;sp=\/juri\/inca\/global\/sociale\/JURI\/TEXT\/00\/00\/52\/30\/37\/JURITEXT000052303763.xml&amp;date=2025-09-17\" target=\"_blank\" rel=\"noreferrer noopener\">24-12213<\/a><em>\u00a0D<\/em><\/p>\n","protected":false},"excerpt":{"rendered":"<div class=\"mh-excerpt\"><p>La Cour de cassation rappelle que lorsque l&#8217;employeur qui a prononc\u00e9 un licenciement \u00e9conomique n&rsquo;est pas en mesure de justifier d&rsquo;une \u00ab\u00a0baisse significative\u00a0\u00bb des commandes <a class=\"mh-excerpt-more\" href=\"https:\/\/foastek.fr\/?p=5880\" title=\"Licenciement \u00e9conomique\u00a0: une d\u00e9gradation persistante du chiffre d&rsquo;affaires peut caract\u00e9riser des difficult\u00e9s \u00e9conomiques\">[&#8230;]<\/a><\/p>\n<\/div>","protected":false},"author":1,"featured_media":4350,"comment_status":"open","ping_status":"open","sticky":false,"template":"","format":"standard","meta":{"h5ap_radio_sources":[],"jetpack_post_was_ever_published":false,"_jetpack_newsletter_access":"","_jetpack_dont_email_post_to_subs":false,"_jetpack_newsletter_tier_id":0,"_jetpack_memberships_contains_paywalled_content":false,"_jetpack_memberships_contains_paid_content":false,"footnotes":"","jetpack_publicize_message":"","jetpack_publicize_feature_enabled":true,"jetpack_social_post_already_shared":true,"jetpack_social_options":{"image_generator_settings":{"template":"highway","default_image_id":0,"font":"","enabled":false},"version":2}},"categories":[2,10],"tags":[170,477,149,476],"class_list":["post-5880","post","type-post","status-publish","format-standard","has-post-thumbnail","hentry","category-accueil","category-vos-droits","tag-cassation","tag-difficultes-economiques","tag-justice","tag-licenciement-economique"],"jetpack_publicize_connections":[],"jetpack_featured_media_url":"https:\/\/i0.wp.com\/foastek.fr\/wp-content\/uploads\/2023\/04\/palais_justice.jpg?fit=805%2C453&ssl=1","jetpack_sharing_enabled":true,"jetpack_shortlink":"https:\/\/wp.me\/p77E1E-1wQ","jetpack-related-posts":[],"_links":{"self":[{"href":"https:\/\/foastek.fr\/index.php?rest_route=\/wp\/v2\/posts\/5880","targetHints":{"allow":["GET"]}}],"collection":[{"href":"https:\/\/foastek.fr\/index.php?rest_route=\/wp\/v2\/posts"}],"about":[{"href":"https:\/\/foastek.fr\/index.php?rest_route=\/wp\/v2\/types\/post"}],"author":[{"embeddable":true,"href":"https:\/\/foastek.fr\/index.php?rest_route=\/wp\/v2\/users\/1"}],"replies":[{"embeddable":true,"href":"https:\/\/foastek.fr\/index.php?rest_route=%2Fwp%2Fv2%2Fcomments&post=5880"}],"version-history":[{"count":1,"href":"https:\/\/foastek.fr\/index.php?rest_route=\/wp\/v2\/posts\/5880\/revisions"}],"predecessor-version":[{"id":5881,"href":"https:\/\/foastek.fr\/index.php?rest_route=\/wp\/v2\/posts\/5880\/revisions\/5881"}],"wp:featuredmedia":[{"embeddable":true,"href":"https:\/\/foastek.fr\/index.php?rest_route=\/wp\/v2\/media\/4350"}],"wp:attachment":[{"href":"https:\/\/foastek.fr\/index.php?rest_route=%2Fwp%2Fv2%2Fmedia&parent=5880"}],"wp:term":[{"taxonomy":"category","embeddable":true,"href":"https:\/\/foastek.fr\/index.php?rest_route=%2Fwp%2Fv2%2Fcategories&post=5880"},{"taxonomy":"post_tag","embeddable":true,"href":"https:\/\/foastek.fr\/index.php?rest_route=%2Fwp%2Fv2%2Ftags&post=5880"}],"curies":[{"name":"wp","href":"https:\/\/api.w.org\/{rel}","templated":true}]}}