{"id":5888,"date":"2025-10-02T12:57:02","date_gmt":"2025-10-02T11:57:02","guid":{"rendered":"https:\/\/foastek.fr\/?p=5888"},"modified":"2025-11-07T12:59:18","modified_gmt":"2025-11-07T11:59:18","slug":"lindemnite-de-dedit-formation-nest-pas-due-en-cas-de-licenciement-meme-pour-faute-grave","status":"publish","type":"post","link":"https:\/\/foastek.fr\/?p=5888","title":{"rendered":"L&rsquo;indemnit\u00e9 de d\u00e9dit-formation n&rsquo;est pas due en cas de licenciement, m\u00eame pour faute grave"},"content":{"rendered":"\n<p>Pour que la convention de d\u00e9dit-formation puisse \u00eatre mise en \u0153uvre, la rupture du contrat de travail doit \u00eatre imputable au salari\u00e9 (ex. : d\u00e9mission). Tel n&rsquo;est pas le cas lorsque la rupture du contrat de travail est imputable \u00e0 l&#8217;employeur, et m\u00eame si cette rupture est motiv\u00e9e par une faute grave du salari\u00e9.<\/p>\n\n\n\n<p>D\u00e9cision : <em>Cass. soc. 17 septembre 2025, n\u00b0\u00a0<\/em><a href=\"https:\/\/rfsocial.grouperf.com\/lien_spad\/?base=JURI&amp;orig=REVUE_RF_FH&amp;juridiction=CASS&amp;chambre=SOC.&amp;numero=23-23830&amp;sp=\/juri\/inca\/global\/sociale\/JURI\/TEXT\/00\/00\/52\/30\/37\/JURITEXT000052303751.xml&amp;date=2025-09-17\" target=\"_blank\" rel=\"noreferrer noopener\">23-23830<\/a><em>\u00a0FD<\/em><\/p>\n","protected":false},"excerpt":{"rendered":"<div class=\"mh-excerpt\"><p>Pour que la convention de d\u00e9dit-formation puisse \u00eatre mise en \u0153uvre, la rupture du contrat de travail doit \u00eatre imputable au salari\u00e9 (ex. : d\u00e9mission). <a class=\"mh-excerpt-more\" href=\"https:\/\/foastek.fr\/?p=5888\" title=\"L&rsquo;indemnit\u00e9 de d\u00e9dit-formation n&rsquo;est pas due en cas de licenciement, m\u00eame pour faute grave\">[&#8230;]<\/a><\/p>\n<\/div>","protected":false},"author":1,"featured_media":4350,"comment_status":"open","ping_status":"open","sticky":false,"template":"","format":"standard","meta":{"h5ap_radio_sources":[],"jetpack_post_was_ever_published":false,"_jetpack_newsletter_access":"","_jetpack_dont_email_post_to_subs":false,"_jetpack_newsletter_tier_id":0,"_jetpack_memberships_contains_paywalled_content":false,"_jetpack_memberships_contains_paid_content":false,"footnotes":"","jetpack_publicize_message":"","jetpack_publicize_feature_enabled":true,"jetpack_social_post_already_shared":true,"jetpack_social_options":{"image_generator_settings":{"template":"highway","default_image_id":0,"font":"","enabled":false},"version":2}},"categories":[2,10],"tags":[170,480,149,22],"class_list":["post-5888","post","type-post","status-publish","format-standard","has-post-thumbnail","hentry","category-accueil","category-vos-droits","tag-cassation","tag-dedut-formation","tag-justice","tag-licenciement"],"jetpack_publicize_connections":[],"jetpack_featured_media_url":"https:\/\/i0.wp.com\/foastek.fr\/wp-content\/uploads\/2023\/04\/palais_justice.jpg?fit=805%2C453&ssl=1","jetpack_sharing_enabled":true,"jetpack_shortlink":"https:\/\/wp.me\/p77E1E-1wY","jetpack-related-posts":[],"_links":{"self":[{"href":"https:\/\/foastek.fr\/index.php?rest_route=\/wp\/v2\/posts\/5888","targetHints":{"allow":["GET"]}}],"collection":[{"href":"https:\/\/foastek.fr\/index.php?rest_route=\/wp\/v2\/posts"}],"about":[{"href":"https:\/\/foastek.fr\/index.php?rest_route=\/wp\/v2\/types\/post"}],"author":[{"embeddable":true,"href":"https:\/\/foastek.fr\/index.php?rest_route=\/wp\/v2\/users\/1"}],"replies":[{"embeddable":true,"href":"https:\/\/foastek.fr\/index.php?rest_route=%2Fwp%2Fv2%2Fcomments&post=5888"}],"version-history":[{"count":1,"href":"https:\/\/foastek.fr\/index.php?rest_route=\/wp\/v2\/posts\/5888\/revisions"}],"predecessor-version":[{"id":5889,"href":"https:\/\/foastek.fr\/index.php?rest_route=\/wp\/v2\/posts\/5888\/revisions\/5889"}],"wp:featuredmedia":[{"embeddable":true,"href":"https:\/\/foastek.fr\/index.php?rest_route=\/wp\/v2\/media\/4350"}],"wp:attachment":[{"href":"https:\/\/foastek.fr\/index.php?rest_route=%2Fwp%2Fv2%2Fmedia&parent=5888"}],"wp:term":[{"taxonomy":"category","embeddable":true,"href":"https:\/\/foastek.fr\/index.php?rest_route=%2Fwp%2Fv2%2Fcategories&post=5888"},{"taxonomy":"post_tag","embeddable":true,"href":"https:\/\/foastek.fr\/index.php?rest_route=%2Fwp%2Fv2%2Ftags&post=5888"}],"curies":[{"name":"wp","href":"https:\/\/api.w.org\/{rel}","templated":true}]}}