{"id":5892,"date":"2025-10-06T13:04:43","date_gmt":"2025-10-06T12:04:43","guid":{"rendered":"https:\/\/foastek.fr\/?p=5892"},"modified":"2025-11-07T13:34:23","modified_gmt":"2025-11-07T12:34:23","slug":"faute-inexcusable-at-mp-laction-de-la-victime-a-legard-de-lentreprise-utilisatrice-interrompt-la-prescription-a-legard-de-lemployeur","status":"publish","type":"post","link":"https:\/\/foastek.fr\/?p=5892","title":{"rendered":"Faute inexcusable AT\/MP\u00a0: l&rsquo;action de la victime \u00e0 l&rsquo;\u00e9gard de l&rsquo;entreprise utilisatrice interrompt la prescription \u00e0 l&rsquo;\u00e9gard de l&#8217;employeur"},"content":{"rendered":"\n<p>En mati\u00e8re de reconnaissance de la faute inexcusable d&rsquo;un employeur, l&rsquo;action de la victime d&rsquo;un accident du travail (AT) ou d&rsquo;une maladie professionnelle (MP) interrompt la prescription \u00e0 l&rsquo;\u00e9gard de toute autre action proc\u00e9dant du m\u00eame fait dommageable. D\u00e8s lors, l&rsquo;action engag\u00e9e dans les temps par le salari\u00e9 contre l&rsquo;entreprise utilisatrice au sein de laquelle il a eu son accident de travail interrompt la prescription de l&rsquo;action dirig\u00e9e ult\u00e9rieurement contre son employeur.<\/p>\n\n\n\n<p>D\u00e9cision : <a href=\"https:\/\/www.courdecassation.fr\/decision\/68d4d7831e8f43fdd30b5df9\">Cass. civ., 2e ch., 25 septembre 2025, n\u00b0 23-14017 FB<\/a><\/p>\n","protected":false},"excerpt":{"rendered":"<div class=\"mh-excerpt\"><p>En mati\u00e8re de reconnaissance de la faute inexcusable d&rsquo;un employeur, l&rsquo;action de la victime d&rsquo;un accident du travail (AT) ou d&rsquo;une maladie professionnelle (MP) interrompt <a class=\"mh-excerpt-more\" href=\"https:\/\/foastek.fr\/?p=5892\" title=\"Faute inexcusable AT\/MP\u00a0: l&rsquo;action de la victime \u00e0 l&rsquo;\u00e9gard de l&rsquo;entreprise utilisatrice interrompt la prescription \u00e0 l&rsquo;\u00e9gard de l&#8217;employeur\">[&#8230;]<\/a><\/p>\n<\/div>","protected":false},"author":1,"featured_media":4350,"comment_status":"open","ping_status":"open","sticky":false,"template":"","format":"standard","meta":{"h5ap_radio_sources":[],"jetpack_post_was_ever_published":false,"_jetpack_newsletter_access":"","_jetpack_dont_email_post_to_subs":false,"_jetpack_newsletter_tier_id":0,"_jetpack_memberships_contains_paywalled_content":false,"_jetpack_memberships_contains_paid_content":false,"footnotes":"","jetpack_publicize_message":"","jetpack_publicize_feature_enabled":true,"jetpack_social_post_already_shared":true,"jetpack_social_options":{"image_generator_settings":{"template":"highway","default_image_id":0,"font":"","enabled":false},"version":2}},"categories":[2,10],"tags":[234,170,482,149,403],"class_list":["post-5892","post","type-post","status-publish","format-standard","has-post-thumbnail","hentry","category-accueil","category-vos-droits","tag-accident-du-travail","tag-cassation","tag-faite-inexcusable","tag-justice","tag-maladie-professionnelle"],"jetpack_publicize_connections":[],"jetpack_featured_media_url":"https:\/\/i0.wp.com\/foastek.fr\/wp-content\/uploads\/2023\/04\/palais_justice.jpg?fit=805%2C453&ssl=1","jetpack_sharing_enabled":true,"jetpack_shortlink":"https:\/\/wp.me\/p77E1E-1x2","jetpack-related-posts":[],"_links":{"self":[{"href":"https:\/\/foastek.fr\/index.php?rest_route=\/wp\/v2\/posts\/5892","targetHints":{"allow":["GET"]}}],"collection":[{"href":"https:\/\/foastek.fr\/index.php?rest_route=\/wp\/v2\/posts"}],"about":[{"href":"https:\/\/foastek.fr\/index.php?rest_route=\/wp\/v2\/types\/post"}],"author":[{"embeddable":true,"href":"https:\/\/foastek.fr\/index.php?rest_route=\/wp\/v2\/users\/1"}],"replies":[{"embeddable":true,"href":"https:\/\/foastek.fr\/index.php?rest_route=%2Fwp%2Fv2%2Fcomments&post=5892"}],"version-history":[{"count":1,"href":"https:\/\/foastek.fr\/index.php?rest_route=\/wp\/v2\/posts\/5892\/revisions"}],"predecessor-version":[{"id":5893,"href":"https:\/\/foastek.fr\/index.php?rest_route=\/wp\/v2\/posts\/5892\/revisions\/5893"}],"wp:featuredmedia":[{"embeddable":true,"href":"https:\/\/foastek.fr\/index.php?rest_route=\/wp\/v2\/media\/4350"}],"wp:attachment":[{"href":"https:\/\/foastek.fr\/index.php?rest_route=%2Fwp%2Fv2%2Fmedia&parent=5892"}],"wp:term":[{"taxonomy":"category","embeddable":true,"href":"https:\/\/foastek.fr\/index.php?rest_route=%2Fwp%2Fv2%2Fcategories&post=5892"},{"taxonomy":"post_tag","embeddable":true,"href":"https:\/\/foastek.fr\/index.php?rest_route=%2Fwp%2Fv2%2Ftags&post=5892"}],"curies":[{"name":"wp","href":"https:\/\/api.w.org\/{rel}","templated":true}]}}