{"id":5903,"date":"2025-10-30T14:40:14","date_gmt":"2025-10-30T13:40:14","guid":{"rendered":"https:\/\/foastek.fr\/?p=5903"},"modified":"2025-11-07T14:43:41","modified_gmt":"2025-11-07T13:43:41","slug":"la-loi-n-2025-989-a-transpose-lani-sur-lemploi-des-salaries-experimentes","status":"publish","type":"post","link":"https:\/\/foastek.fr\/?p=5903","title":{"rendered":"La loi n\u00b0 2025-989 a transpos\u00e9 l&rsquo;ANI sur l\u2019emploi des salari\u00e9s exp\u00e9riment\u00e9s"},"content":{"rendered":"\n<p>Sign\u00e9 le 20 juin 2023, l\u2019ANI sur les salari\u00e9s exp\u00e9riment\u00e9s vise \u00e0 am\u00e9liorer le maintien en emploi des salari\u00e9s de plus de 55 ans. Sa transposition le 25 octobre 2025 impose aux entreprises d\u2019au moins 300 salari\u00e9s d\u2019\u00e9laborer un plan pluriannuel d\u2019action en faveur de l\u2019emploi des seniors, assorti d\u2019objectifs chiffr\u00e9s et d\u2019indicateurs de suivi.\u00a0<\/p>\n\n\n\n<p>Le texte encourage \u00e9galement la formation tout au long de la carri\u00e8re, la transmission des savoirs et l\u2019adaptation des postes de travail. Les branches professionnelles pourront d\u00e9finir leurs propres outils de suivi et de valorisation de l\u2019exp\u00e9rience acquise.<\/p>\n\n\n\n<p>Source : <a href=\"https:\/\/www.fo-cadres.fr\/actualites\/negociation-collective-irp\/dialogue-social-salaries-experimentes\/\">FO Cadres<\/a><\/p>\n","protected":false},"excerpt":{"rendered":"<div class=\"mh-excerpt\"><p>Sign\u00e9 le 20 juin 2023, l\u2019ANI sur les salari\u00e9s exp\u00e9riment\u00e9s vise \u00e0 am\u00e9liorer le maintien en emploi des salari\u00e9s de plus de 55 ans. Sa <a class=\"mh-excerpt-more\" href=\"https:\/\/foastek.fr\/?p=5903\" title=\"La loi n\u00b0 2025-989 a transpos\u00e9 l&rsquo;ANI sur l\u2019emploi des salari\u00e9s exp\u00e9riment\u00e9s\">[&#8230;]<\/a><\/p>\n<\/div>","protected":false},"author":1,"featured_media":5792,"comment_status":"open","ping_status":"open","sticky":false,"template":"","format":"standard","meta":{"h5ap_radio_sources":[],"jetpack_post_was_ever_published":false,"_jetpack_newsletter_access":"","_jetpack_dont_email_post_to_subs":false,"_jetpack_newsletter_tier_id":0,"_jetpack_memberships_contains_paywalled_content":false,"_jetpack_memberships_contains_paid_content":false,"footnotes":"","jetpack_publicize_message":"","jetpack_publicize_feature_enabled":true,"jetpack_social_post_already_shared":true,"jetpack_social_options":{"image_generator_settings":{"template":"highway","default_image_id":0,"font":"","enabled":false},"version":2}},"categories":[2,240,10],"tags":[485,29,486],"class_list":["post-5903","post","type-post","status-publish","format-standard","has-post-thumbnail","hentry","category-accueil","category-actualite","category-vos-droits","tag-emploi","tag-fo-cadres","tag-senior-2"],"jetpack_publicize_connections":[],"jetpack_featured_media_url":"https:\/\/i0.wp.com\/foastek.fr\/wp-content\/uploads\/2025\/09\/retraite_progressive.jpg?fit=470%2C263&ssl=1","jetpack_sharing_enabled":true,"jetpack_shortlink":"https:\/\/wp.me\/p77E1E-1xd","jetpack-related-posts":[],"_links":{"self":[{"href":"https:\/\/foastek.fr\/index.php?rest_route=\/wp\/v2\/posts\/5903","targetHints":{"allow":["GET"]}}],"collection":[{"href":"https:\/\/foastek.fr\/index.php?rest_route=\/wp\/v2\/posts"}],"about":[{"href":"https:\/\/foastek.fr\/index.php?rest_route=\/wp\/v2\/types\/post"}],"author":[{"embeddable":true,"href":"https:\/\/foastek.fr\/index.php?rest_route=\/wp\/v2\/users\/1"}],"replies":[{"embeddable":true,"href":"https:\/\/foastek.fr\/index.php?rest_route=%2Fwp%2Fv2%2Fcomments&post=5903"}],"version-history":[{"count":1,"href":"https:\/\/foastek.fr\/index.php?rest_route=\/wp\/v2\/posts\/5903\/revisions"}],"predecessor-version":[{"id":5904,"href":"https:\/\/foastek.fr\/index.php?rest_route=\/wp\/v2\/posts\/5903\/revisions\/5904"}],"wp:featuredmedia":[{"embeddable":true,"href":"https:\/\/foastek.fr\/index.php?rest_route=\/wp\/v2\/media\/5792"}],"wp:attachment":[{"href":"https:\/\/foastek.fr\/index.php?rest_route=%2Fwp%2Fv2%2Fmedia&parent=5903"}],"wp:term":[{"taxonomy":"category","embeddable":true,"href":"https:\/\/foastek.fr\/index.php?rest_route=%2Fwp%2Fv2%2Fcategories&post=5903"},{"taxonomy":"post_tag","embeddable":true,"href":"https:\/\/foastek.fr\/index.php?rest_route=%2Fwp%2Fv2%2Ftags&post=5903"}],"curies":[{"name":"wp","href":"https:\/\/api.w.org\/{rel}","templated":true}]}}