{"id":5916,"date":"2025-10-08T18:15:04","date_gmt":"2025-10-08T17:15:04","guid":{"rendered":"https:\/\/foastek.fr\/?p=5916"},"modified":"2025-11-07T18:18:09","modified_gmt":"2025-11-07T17:18:09","slug":"licencier-pour-insuffisance-professionnelle-en-evoquant-des-difficultes-de-communication-cest-toucher-a-la-liberte-dexpression-du-salarie","status":"publish","type":"post","link":"https:\/\/foastek.fr\/?p=5916","title":{"rendered":"Licencier pour insuffisance professionnelle en \u00e9voquant des difficult\u00e9s de communication, c&rsquo;est toucher \u00e0 la libert\u00e9 d&rsquo;expression du salari\u00e9"},"content":{"rendered":"\n<p><em>Sauf abus, le salari\u00e9 jouit, dans l&rsquo;entreprise et en dehors de celle-ci, de sa libert\u00e9 d&rsquo;expression, laquelle est une libert\u00e9 fondamentale. Si son licenciement est prononc\u00e9, m\u00eame partiellement, pour un motif li\u00e9 \u00e0 l&rsquo;exercice non abusif de sa libert\u00e9 d&rsquo;expression, ce licenciement est nul. <\/em><\/p>\n\n\n\n<p><em>Or, un licenciement pour insuffisance professionnelle fond\u00e9 en partie sur l&rsquo;incapacit\u00e9 du salari\u00e9 \u00e0 communiquer dans le service met en jeu la libert\u00e9 d&rsquo;expression du salari\u00e9, indique la Cour de cassation. \u00c0 charge aux juges du fond de v\u00e9rifier s&rsquo;il y a eu, ou non, un usage abusif de cette libert\u00e9.<\/em><\/p>\n\n\n\n<p>D\u00e9cision : <a href=\"https:\/\/www.courdecassation.fr\/decision\/68ca59da892376614a83451b\">Cass. soc. 17 septembre 2025, n\u00b0 24-11090 F-D<\/a><\/p>\n","protected":false},"excerpt":{"rendered":"<div class=\"mh-excerpt\"><p>Sauf abus, le salari\u00e9 jouit, dans l&rsquo;entreprise et en dehors de celle-ci, de sa libert\u00e9 d&rsquo;expression, laquelle est une libert\u00e9 fondamentale. Si son licenciement est <a class=\"mh-excerpt-more\" href=\"https:\/\/foastek.fr\/?p=5916\" title=\"Licencier pour insuffisance professionnelle en \u00e9voquant des difficult\u00e9s de communication, c&rsquo;est toucher \u00e0 la libert\u00e9 d&rsquo;expression du salari\u00e9\">[&#8230;]<\/a><\/p>\n<\/div>","protected":false},"author":1,"featured_media":4350,"comment_status":"open","ping_status":"open","sticky":false,"template":"","format":"standard","meta":{"h5ap_radio_sources":[],"jetpack_post_was_ever_published":false,"_jetpack_newsletter_access":"","_jetpack_dont_email_post_to_subs":false,"_jetpack_newsletter_tier_id":0,"_jetpack_memberships_contains_paywalled_content":false,"_jetpack_memberships_contains_paid_content":false,"footnotes":"","jetpack_publicize_message":"","jetpack_publicize_feature_enabled":true,"jetpack_social_post_already_shared":true,"jetpack_social_options":{"image_generator_settings":{"template":"highway","default_image_id":0,"font":"","enabled":false},"version":2}},"categories":[2,10],"tags":[170,149,245,22],"class_list":["post-5916","post","type-post","status-publish","format-standard","has-post-thumbnail","hentry","category-accueil","category-vos-droits","tag-cassation","tag-justice","tag-liberte-dexpression","tag-licenciement"],"jetpack_publicize_connections":[],"jetpack_featured_media_url":"https:\/\/i0.wp.com\/foastek.fr\/wp-content\/uploads\/2023\/04\/palais_justice.jpg?fit=805%2C453&ssl=1","jetpack_sharing_enabled":true,"jetpack_shortlink":"https:\/\/wp.me\/p77E1E-1xq","jetpack-related-posts":[],"_links":{"self":[{"href":"https:\/\/foastek.fr\/index.php?rest_route=\/wp\/v2\/posts\/5916","targetHints":{"allow":["GET"]}}],"collection":[{"href":"https:\/\/foastek.fr\/index.php?rest_route=\/wp\/v2\/posts"}],"about":[{"href":"https:\/\/foastek.fr\/index.php?rest_route=\/wp\/v2\/types\/post"}],"author":[{"embeddable":true,"href":"https:\/\/foastek.fr\/index.php?rest_route=\/wp\/v2\/users\/1"}],"replies":[{"embeddable":true,"href":"https:\/\/foastek.fr\/index.php?rest_route=%2Fwp%2Fv2%2Fcomments&post=5916"}],"version-history":[{"count":1,"href":"https:\/\/foastek.fr\/index.php?rest_route=\/wp\/v2\/posts\/5916\/revisions"}],"predecessor-version":[{"id":5917,"href":"https:\/\/foastek.fr\/index.php?rest_route=\/wp\/v2\/posts\/5916\/revisions\/5917"}],"wp:featuredmedia":[{"embeddable":true,"href":"https:\/\/foastek.fr\/index.php?rest_route=\/wp\/v2\/media\/4350"}],"wp:attachment":[{"href":"https:\/\/foastek.fr\/index.php?rest_route=%2Fwp%2Fv2%2Fmedia&parent=5916"}],"wp:term":[{"taxonomy":"category","embeddable":true,"href":"https:\/\/foastek.fr\/index.php?rest_route=%2Fwp%2Fv2%2Fcategories&post=5916"},{"taxonomy":"post_tag","embeddable":true,"href":"https:\/\/foastek.fr\/index.php?rest_route=%2Fwp%2Fv2%2Ftags&post=5916"}],"curies":[{"name":"wp","href":"https:\/\/api.w.org\/{rel}","templated":true}]}}