{"id":5925,"date":"2025-10-14T18:48:28","date_gmt":"2025-10-14T17:48:28","guid":{"rendered":"https:\/\/foastek.fr\/?p=5925"},"modified":"2025-11-07T18:51:32","modified_gmt":"2025-11-07T17:51:32","slug":"suicide-au-travail-lemployeur-alerte-sur-ses-pratiques-manageriales-et-leurs-consequences-commet-une-faute-inexcusable","status":"publish","type":"post","link":"https:\/\/foastek.fr\/?p=5925","title":{"rendered":"Suicide au travail\u00a0: l&#8217;employeur alert\u00e9 sur ses pratiques manag\u00e9riales et leurs cons\u00e9quences commet une faute inexcusable"},"content":{"rendered":"\n<p><em>Quand le suicide d&rsquo;un salari\u00e9 est reconnu comme un accident du travail, et que l&#8217;employeur avait ou aurait d\u00fb avoir conscience du danger, mais qu&rsquo;il n&rsquo;a pas pris les mesures n\u00e9cessaires pour en pr\u00e9server le salari\u00e9, sa faute inexcusable est caract\u00e9ris\u00e9e. Tel \u00e9tait le cas d&rsquo;un employeur qui n&rsquo;avait pas agi alors qu&rsquo;il avait \u00e9t\u00e9 alert\u00e9 par le m\u00e9decin du travail et la salari\u00e9e, avant qu&rsquo;elle ne mette fin \u00e0 ses jours, des risques psycho sociaux que ses pratiques manag\u00e9riales provoquaient.<\/em><\/p>\n\n\n\n<p>D\u00e9cision : <em><a href=\"https:\/\/www.legifrance.gouv.fr\/juri\/id\/JURITEXT000052365817\">Cass. civ., 2e ch., 25 septembre 2025, 23-14460 D<\/a><\/em><\/p>\n","protected":false},"excerpt":{"rendered":"<div class=\"mh-excerpt\"><p>Quand le suicide d&rsquo;un salari\u00e9 est reconnu comme un accident du travail, et que l&#8217;employeur avait ou aurait d\u00fb avoir conscience du danger, mais qu&rsquo;il <a class=\"mh-excerpt-more\" href=\"https:\/\/foastek.fr\/?p=5925\" title=\"Suicide au travail\u00a0: l&#8217;employeur alert\u00e9 sur ses pratiques manag\u00e9riales et leurs cons\u00e9quences commet une faute inexcusable\">[&#8230;]<\/a><\/p>\n<\/div>","protected":false},"author":1,"featured_media":4350,"comment_status":"open","ping_status":"open","sticky":false,"template":"","format":"standard","meta":{"h5ap_radio_sources":[],"jetpack_post_was_ever_published":false,"_jetpack_newsletter_access":"","_jetpack_dont_email_post_to_subs":false,"_jetpack_newsletter_tier_id":0,"_jetpack_memberships_contains_paywalled_content":false,"_jetpack_memberships_contains_paid_content":false,"footnotes":"","jetpack_publicize_message":"","jetpack_publicize_feature_enabled":true,"jetpack_social_post_already_shared":true,"jetpack_social_options":{"image_generator_settings":{"template":"highway","default_image_id":0,"font":"","enabled":false},"version":2}},"categories":[2,10],"tags":[170,235,149,493,142],"class_list":["post-5925","post","type-post","status-publish","format-standard","has-post-thumbnail","hentry","category-accueil","category-vos-droits","tag-cassation","tag-faute-inexcusable","tag-justice","tag-suicide","tag-travail"],"jetpack_publicize_connections":[],"jetpack_featured_media_url":"https:\/\/i0.wp.com\/foastek.fr\/wp-content\/uploads\/2023\/04\/palais_justice.jpg?fit=805%2C453&ssl=1","jetpack_sharing_enabled":true,"jetpack_shortlink":"https:\/\/wp.me\/p77E1E-1xz","jetpack-related-posts":[],"_links":{"self":[{"href":"https:\/\/foastek.fr\/index.php?rest_route=\/wp\/v2\/posts\/5925","targetHints":{"allow":["GET"]}}],"collection":[{"href":"https:\/\/foastek.fr\/index.php?rest_route=\/wp\/v2\/posts"}],"about":[{"href":"https:\/\/foastek.fr\/index.php?rest_route=\/wp\/v2\/types\/post"}],"author":[{"embeddable":true,"href":"https:\/\/foastek.fr\/index.php?rest_route=\/wp\/v2\/users\/1"}],"replies":[{"embeddable":true,"href":"https:\/\/foastek.fr\/index.php?rest_route=%2Fwp%2Fv2%2Fcomments&post=5925"}],"version-history":[{"count":1,"href":"https:\/\/foastek.fr\/index.php?rest_route=\/wp\/v2\/posts\/5925\/revisions"}],"predecessor-version":[{"id":5926,"href":"https:\/\/foastek.fr\/index.php?rest_route=\/wp\/v2\/posts\/5925\/revisions\/5926"}],"wp:featuredmedia":[{"embeddable":true,"href":"https:\/\/foastek.fr\/index.php?rest_route=\/wp\/v2\/media\/4350"}],"wp:attachment":[{"href":"https:\/\/foastek.fr\/index.php?rest_route=%2Fwp%2Fv2%2Fmedia&parent=5925"}],"wp:term":[{"taxonomy":"category","embeddable":true,"href":"https:\/\/foastek.fr\/index.php?rest_route=%2Fwp%2Fv2%2Fcategories&post=5925"},{"taxonomy":"post_tag","embeddable":true,"href":"https:\/\/foastek.fr\/index.php?rest_route=%2Fwp%2Fv2%2Ftags&post=5925"}],"curies":[{"name":"wp","href":"https:\/\/api.w.org\/{rel}","templated":true}]}}